{"id":799,"date":"2015-11-28T00:55:48","date_gmt":"2015-11-28T00:55:48","guid":{"rendered":"http:\/\/localhost\/portal01\/?p=799"},"modified":"2015-11-28T00:55:48","modified_gmt":"2015-11-28T00:55:48","slug":"protesto-por-acoes-contra-a-mudanca-climatica","status":"publish","type":"post","link":"https:\/\/oeirasdopara.pa.gov.br\/novo\/protesto-por-acoes-contra-a-mudanca-climatica\/","title":{"rendered":"Protesto por a\u00e7\u00f5es contra a mudan\u00e7a clim\u00e1tica."},"content":{"rendered":"<p><a href=\"http:\/\/localhost\/portal01\/wp-content\/uploads\/2015\/11\/4444.jpg\"><img fetchpriority=\"high\" decoding=\"async\" class=\"alignnone  wp-image-800\" src=\"http:\/\/localhost\/portal01\/wp-content\/uploads\/2015\/11\/4444-574x300.jpg\" alt=\"4444\" width=\"855\" height=\"447\" srcset=\"https:\/\/oeirasdopara.pa.gov.br\/novo\/wp-content\/uploads\/2015\/11\/4444-574x300.jpg 574w, https:\/\/oeirasdopara.pa.gov.br\/novo\/wp-content\/uploads\/2015\/11\/4444.jpg 956w\" sizes=\"(max-width: 855px) 100vw, 855px\" \/><\/a><\/p>\n<p>Protesto por a\u00e7\u00f5es contra a mudan\u00e7a clim\u00e1tica, dias antes da COP-21 (Confer\u00eancia do Clima de Paris), atrai multid\u00e3o para as ruas de Melbourne, na Austr\u00e1lia. No cartazes, l\u00ea-se &#8220;tartarugas contra a mudan\u00e7a clim\u00e1tica&#8221;; &#8220;tartarugas tamb\u00e9m precisam de um clima seguro&#8221; e &#8220;tartarugas gostam de energia renov\u00e1vel&#8221;<\/script><\/p>\n","protected":false},"excerpt":{"rendered":"<p>Protesto por a\u00e7\u00f5es contra a mudan\u00e7a clim\u00e1tica, dias antes da COP-21 (Confer\u00eancia do Clima de Paris), atrai multid\u00e3o para as ruas de Melbourne, na Austr\u00e1lia. No cartazes, l\u00ea-se &#8220;tartarugas contra a mudan\u00e7a clim\u00e1tica&#8221;; &#8220;tartarugas tamb\u00e9m precisam de um clima seguro&#8221; e &#8220;tartarugas gostam de energia renov\u00e1vel&#8221;<\/p>\n","protected":false},"author":8,"featured_media":800,"comment_status":"open","ping_status":"open","sticky":false,"template":"","format":"standard","meta":{"_seopress_robots_primary_cat":"","_seopress_titles_title":"","_seopress_titles_desc":"","_seopress_robots_index":"","footnotes":""},"categories":[40],"tags":[],"class_list":["post-799","post","type-post","status-publish","format-standard","has-post-thumbnail","hentry","category-noticias"],"_links":{"self":[{"href":"https:\/\/oeirasdopara.pa.gov.br\/novo\/wp-json\/wp\/v2\/posts\/799","targetHints":{"allow":["GET"]}}],"collection":[{"href":"https:\/\/oeirasdopara.pa.gov.br\/novo\/wp-json\/wp\/v2\/posts"}],"about":[{"href":"https:\/\/oeirasdopara.pa.gov.br\/novo\/wp-json\/wp\/v2\/types\/post"}],"author":[{"embeddable":true,"href":"https:\/\/oeirasdopara.pa.gov.br\/novo\/wp-json\/wp\/v2\/users\/8"}],"replies":[{"embeddable":true,"href":"https:\/\/oeirasdopara.pa.gov.br\/novo\/wp-json\/wp\/v2\/comments?post=799"}],"version-history":[{"count":1,"href":"https:\/\/oeirasdopara.pa.gov.br\/novo\/wp-json\/wp\/v2\/posts\/799\/revisions"}],"predecessor-version":[{"id":801,"href":"https:\/\/oeirasdopara.pa.gov.br\/novo\/wp-json\/wp\/v2\/posts\/799\/revisions\/801"}],"wp:featuredmedia":[{"embeddable":true,"href":"https:\/\/oeirasdopara.pa.gov.br\/novo\/wp-json\/wp\/v2\/media\/800"}],"wp:attachment":[{"href":"https:\/\/oeirasdopara.pa.gov.br\/novo\/wp-json\/wp\/v2\/media?parent=799"}],"wp:term":[{"taxonomy":"category","embeddable":true,"href":"https:\/\/oeirasdopara.pa.gov.br\/novo\/wp-json\/wp\/v2\/categories?post=799"},{"taxonomy":"post_tag","embeddable":true,"href":"https:\/\/oeirasdopara.pa.gov.br\/novo\/wp-json\/wp\/v2\/tags?post=799"}],"curies":[{"name":"wp","href":"https:\/\/api.w.org\/{rel}","templated":true}]}}