{"id":790,"date":"2015-11-28T00:02:37","date_gmt":"2015-11-28T00:02:37","guid":{"rendered":"http:\/\/localhost\/portal01\/?p=790"},"modified":"2015-11-28T00:02:37","modified_gmt":"2015-11-28T00:02:37","slug":"governo-anuncia-acao-judicial-de-r-20-bi-contra-samarco","status":"publish","type":"post","link":"https:\/\/oeirasdopara.pa.gov.br\/novo\/governo-anuncia-acao-judicial-de-r-20-bi-contra-samarco\/","title":{"rendered":"Governo anuncia a\u00e7\u00e3o judicial de R$ 20 bi contra Samarco"},"content":{"rendered":"<p><a href=\"http:\/\/localhost\/portal01\/wp-content\/uploads\/2015\/11\/1111.jpg\"><img fetchpriority=\"high\" decoding=\"async\" class=\"alignnone  wp-image-791\" src=\"http:\/\/localhost\/portal01\/wp-content\/uploads\/2015\/11\/1111-574x300.jpg\" alt=\"1111\" width=\"729\" height=\"381\" srcset=\"https:\/\/oeirasdopara.pa.gov.br\/novo\/wp-content\/uploads\/2015\/11\/1111-574x300.jpg 574w, https:\/\/oeirasdopara.pa.gov.br\/novo\/wp-content\/uploads\/2015\/11\/1111.jpg 956w\" sizes=\"(max-width: 729px) 100vw, 729px\" \/><\/a><\/p>\n<p>&nbsp;<\/p>\n<p>O governo federal e os Estados de\u00a0<strong>Minas Gerais<\/strong> e do<strong> Esp\u00edrito Santo<\/strong> v\u00e3o entrar na Justi\u00e7a contra a mineradora Samarco para garantir os recursos necess\u00e1rios ao plano de recupera\u00e7\u00e3o do <strong>desastre ambiental provocado pelo rompimento da barragem da empresa na cidade de Mariana (MG)<\/strong>.<\/p>\n<p>A a\u00e7\u00e3o \u00e9 estimada em R$ 20 bilh\u00f5es e tamb\u00e9m ter\u00e1 como alvo a Vale e a BHP Billinton, empresas controladoras da Samarco. O governo pretende entrar com a a\u00e7\u00e3o na pr\u00f3xima segunda-feira (30).<\/p>\n<p>O an\u00fancio da medida foi feito nesta sexta-feira (27) pelos ministros do Meio Ambiente, Izabella Teixeira, e da AGU (Advocacia-Geral da Uni\u00e3o), Lu\u00eds In\u00e1cio Adams, em entrevista coletiva \u00e0 imprensa, em Bras\u00edlia. Tamb\u00e9m na tarde desta sexta-feira, a presidente Dilma Rousseff (PT) iria se reunir com os governadores de Minas, Fernando Pimentel, e do Esp\u00edrito Santo, Paulo Hartung, Estados afetados pela trag\u00e9dia.<\/p>\n<p>Segundo Adams, a a\u00e7\u00e3o tem o objetivo de criar um fundo com recursos depositados pelas empresas, que ser\u00e1 empregado para os seguintes objetivos: conter a expans\u00e3o dos impactos da enxurrada de lama que avan\u00e7ou pelo rio Doce e atingiu o mar do Esp\u00edrito Santo, executar projetos de revitaliza\u00e7\u00e3o da bacia do rio e pagar indeniza\u00e7\u00f5es \u00e0 popula\u00e7\u00e3o afetada.<\/script><\/p>\n","protected":false},"excerpt":{"rendered":"<p>&nbsp; O governo federal e os Estados de\u00a0Minas Gerais e do Esp\u00edrito Santo v\u00e3o entrar na Justi\u00e7a contra a mineradora Samarco para garantir os recursos necess\u00e1rios ao plano de recupera\u00e7\u00e3o do desastre ambiental provocado pelo rompimento da barragem da empresa na cidade de Mariana (MG). A a\u00e7\u00e3o \u00e9 estimada em R$ 20 bilh\u00f5es e tamb\u00e9m [&hellip;]<\/p>\n","protected":false},"author":8,"featured_media":791,"comment_status":"open","ping_status":"open","sticky":false,"template":"","format":"standard","meta":{"_seopress_robots_primary_cat":"","_seopress_titles_title":"","_seopress_titles_desc":"","_seopress_robots_index":"","footnotes":""},"categories":[40],"tags":[],"class_list":["post-790","post","type-post","status-publish","format-standard","has-post-thumbnail","hentry","category-noticias"],"_links":{"self":[{"href":"https:\/\/oeirasdopara.pa.gov.br\/novo\/wp-json\/wp\/v2\/posts\/790","targetHints":{"allow":["GET"]}}],"collection":[{"href":"https:\/\/oeirasdopara.pa.gov.br\/novo\/wp-json\/wp\/v2\/posts"}],"about":[{"href":"https:\/\/oeirasdopara.pa.gov.br\/novo\/wp-json\/wp\/v2\/types\/post"}],"author":[{"embeddable":true,"href":"https:\/\/oeirasdopara.pa.gov.br\/novo\/wp-json\/wp\/v2\/users\/8"}],"replies":[{"embeddable":true,"href":"https:\/\/oeirasdopara.pa.gov.br\/novo\/wp-json\/wp\/v2\/comments?post=790"}],"version-history":[{"count":1,"href":"https:\/\/oeirasdopara.pa.gov.br\/novo\/wp-json\/wp\/v2\/posts\/790\/revisions"}],"predecessor-version":[{"id":792,"href":"https:\/\/oeirasdopara.pa.gov.br\/novo\/wp-json\/wp\/v2\/posts\/790\/revisions\/792"}],"wp:featuredmedia":[{"embeddable":true,"href":"https:\/\/oeirasdopara.pa.gov.br\/novo\/wp-json\/wp\/v2\/media\/791"}],"wp:attachment":[{"href":"https:\/\/oeirasdopara.pa.gov.br\/novo\/wp-json\/wp\/v2\/media?parent=790"}],"wp:term":[{"taxonomy":"category","embeddable":true,"href":"https:\/\/oeirasdopara.pa.gov.br\/novo\/wp-json\/wp\/v2\/categories?post=790"},{"taxonomy":"post_tag","embeddable":true,"href":"https:\/\/oeirasdopara.pa.gov.br\/novo\/wp-json\/wp\/v2\/tags?post=790"}],"curies":[{"name":"wp","href":"https:\/\/api.w.org\/{rel}","templated":true}]}}