{"id":780,"date":"2015-11-27T23:45:30","date_gmt":"2015-11-27T23:45:30","guid":{"rendered":"http:\/\/localhost\/portal01\/?p=780"},"modified":"2015-11-27T23:47:59","modified_gmt":"2015-11-27T23:47:59","slug":"aviao-faz-pouso-forcado-no-meio-de-rodovia-de-sp","status":"publish","type":"post","link":"https:\/\/oeirasdopara.pa.gov.br\/novo\/aviao-faz-pouso-forcado-no-meio-de-rodovia-de-sp\/","title":{"rendered":"Avi\u00e3o faz pouso for\u00e7ado no meio de rodovia de SP."},"content":{"rendered":"<p><a href=\"http:\/\/localhost\/portal01\/wp-content\/uploads\/2015\/11\/astronauta1.jpg\"><img fetchpriority=\"high\" decoding=\"async\" class=\" wp-image-781\" src=\"http:\/\/localhost\/portal01\/wp-content\/uploads\/2015\/11\/astronauta1-450x300.jpg\" alt=\"Uma aeronave de pequeno porte realiza um pouso for\u00e7ado nesta sexta-feira (27), na Rodovia dos Bandeirantes, em Jundia\u00ed (SP). O pouso foi na altura do KM 60, sentido S\u00e3o Paulo, mas a rodovia n\u00e3o chegou a ficar totalmente bloqueada. Lucas Castroviejo\/Futura Press\" width=\"677\" height=\"451\" srcset=\"https:\/\/oeirasdopara.pa.gov.br\/novo\/wp-content\/uploads\/2015\/11\/astronauta1-450x300.jpg 450w, https:\/\/oeirasdopara.pa.gov.br\/novo\/wp-content\/uploads\/2015\/11\/astronauta1.jpg 940w\" sizes=\"(max-width: 677px) 100vw, 677px\" \/><\/a><\/p>\n<p>Uma cena inusitada no tr\u00e2nsito de S\u00e3o Paulo nesta sexta-feira. Uma aeronave de pequeno porte teve problemas e foi for\u00e7ada a fazer um pouso de emerg\u00eancia durante a tarde. O local: a movimentada Rodovia dos Bandeirantes, em Jundia\u00ed, na altura do km 60 sentido capital.\u00a0A concession\u00e1ria AutoBan interditou duas faixas, mas n\u00e3o evitou o tr\u00e2nsito de cerca de 4 km de lentid\u00e3o.<\/p>\n<p><a href=\"http:\/\/localhost\/portal01\/wp-content\/uploads\/2015\/11\/aviaobandeirantes2.jpg\"><img decoding=\"async\" class=\" wp-image-782\" src=\"http:\/\/localhost\/portal01\/wp-content\/uploads\/2015\/11\/aviaobandeirantes2-450x300.jpg\" alt=\"Uma aeronave de pequeno porte realiza um pouso for\u00e7ado nesta sexta-feira (27), na Rodovia dos Bandeirantes, em Jundia\u00ed (SP). O pouso foi na altura do KM 60, sentido S\u00e3o Paulo, mas a rodovia n\u00e3o chegou a ficar totalmente bloqueada. Lucas Castroviejo\/Futura Press\" width=\"678\" height=\"452\" srcset=\"https:\/\/oeirasdopara.pa.gov.br\/novo\/wp-content\/uploads\/2015\/11\/aviaobandeirantes2-450x300.jpg 450w, https:\/\/oeirasdopara.pa.gov.br\/novo\/wp-content\/uploads\/2015\/11\/aviaobandeirantes2.jpg 940w\" sizes=\"(max-width: 678px) 100vw, 678px\" \/><\/a><\/p>\n<p><a href=\"http:\/\/localhost\/portal01\/wp-content\/uploads\/2015\/11\/aviaobandeirantes3.jpg\"><img decoding=\"async\" class=\" wp-image-783\" src=\"http:\/\/localhost\/portal01\/wp-content\/uploads\/2015\/11\/aviaobandeirantes3-450x300.jpg\" alt=\"Uma aeronave de pequeno porte realiza um pouso for\u00e7ado nesta sexta-feira (27), na Rodovia dos Bandeirantes, em Jundia\u00ed (SP). O pouso foi na altura do KM 60, sentido S\u00e3o Paulo, mas a rodovia n\u00e3o chegou a ficar totalmente bloqueada. Lucas Castroviejo\/Futura Press\" width=\"678\" height=\"452\" srcset=\"https:\/\/oeirasdopara.pa.gov.br\/novo\/wp-content\/uploads\/2015\/11\/aviaobandeirantes3-450x300.jpg 450w, https:\/\/oeirasdopara.pa.gov.br\/novo\/wp-content\/uploads\/2015\/11\/aviaobandeirantes3.jpg 940w\" sizes=\"(max-width: 678px) 100vw, 678px\" \/><\/a><\/p>\n<p><a href=\"http:\/\/localhost\/portal01\/wp-content\/uploads\/2015\/11\/aviaobandeirantes4.jpg\"><img loading=\"lazy\" decoding=\"async\" class=\" wp-image-784\" src=\"http:\/\/localhost\/portal01\/wp-content\/uploads\/2015\/11\/aviaobandeirantes4-450x300.jpg\" alt=\"Uma aeronave de pequeno porte realiza um pouso for\u00e7ado nesta sexta-feira (27), na Rodovia dos Bandeirantes, em Jundia\u00ed (SP). O pouso foi na altura do KM 60, sentido S\u00e3o Paulo, mas a rodovia n\u00e3o chegou a ficar totalmente bloqueada. Lucas Castroviejo\/Futura Press\" width=\"677\" height=\"451\" srcset=\"https:\/\/oeirasdopara.pa.gov.br\/novo\/wp-content\/uploads\/2015\/11\/aviaobandeirantes4-450x300.jpg 450w, https:\/\/oeirasdopara.pa.gov.br\/novo\/wp-content\/uploads\/2015\/11\/aviaobandeirantes4.jpg 940w\" sizes=\"(max-width: 677px) 100vw, 677px\" \/><\/a><\/p>\n<p><a href=\"http:\/\/localhost\/portal01\/wp-content\/uploads\/2015\/11\/aviaobandeirantes5.jpg\"><img loading=\"lazy\" decoding=\"async\" class=\" wp-image-785\" src=\"http:\/\/localhost\/portal01\/wp-content\/uploads\/2015\/11\/aviaobandeirantes5-450x300.jpg\" alt=\"Uma aeronave de pequeno porte realiza um pouso for\u00e7ado nesta sexta-feira (27), na Rodovia dos Bandeirantes, em Jundia\u00ed (SP). O pouso foi na altura do KM 60, sentido S\u00e3o Paulo, mas a rodovia n\u00e3o chegou a ficar totalmente bloqueada. Lucas Castroviejo\/Futura Press\" width=\"678\" height=\"452\" srcset=\"https:\/\/oeirasdopara.pa.gov.br\/novo\/wp-content\/uploads\/2015\/11\/aviaobandeirantes5-450x300.jpg 450w, https:\/\/oeirasdopara.pa.gov.br\/novo\/wp-content\/uploads\/2015\/11\/aviaobandeirantes5.jpg 940w\" sizes=\"(max-width: 678px) 100vw, 678px\" \/><\/a><\/p>\n<p><a href=\"http:\/\/localhost\/portal01\/wp-content\/uploads\/2015\/11\/aviaobandeirantes6.jpg\"><img loading=\"lazy\" decoding=\"async\" class=\" wp-image-786\" src=\"http:\/\/localhost\/portal01\/wp-content\/uploads\/2015\/11\/aviaobandeirantes6-450x300.jpg\" alt=\"Uma aeronave de pequeno porte realiza um pouso for\u00e7ado nesta sexta-feira (27), na Rodovia dos Bandeirantes, em Jundia\u00ed (SP). O pouso foi na altura do KM 60, sentido S\u00e3o Paulo, mas a rodovia n\u00e3o chegou a ficar totalmente bloqueada. Lucas Castroviejo\/Futura Press\" width=\"680\" height=\"453\" srcset=\"https:\/\/oeirasdopara.pa.gov.br\/novo\/wp-content\/uploads\/2015\/11\/aviaobandeirantes6-450x300.jpg 450w, https:\/\/oeirasdopara.pa.gov.br\/novo\/wp-content\/uploads\/2015\/11\/aviaobandeirantes6.jpg 940w\" sizes=\"(max-width: 680px) 100vw, 680px\" \/><\/a><\/script><\/p>\n","protected":false},"excerpt":{"rendered":"<p>Uma cena inusitada no tr\u00e2nsito de S\u00e3o Paulo nesta sexta-feira. Uma aeronave de pequeno porte teve problemas e foi for\u00e7ada a fazer um pouso de emerg\u00eancia durante a tarde. O local: a movimentada Rodovia dos Bandeirantes, em Jundia\u00ed, na altura do km 60 sentido capital.\u00a0A concession\u00e1ria AutoBan interditou duas faixas, mas n\u00e3o evitou o tr\u00e2nsito [&hellip;]<\/p>\n","protected":false},"author":8,"featured_media":781,"comment_status":"open","ping_status":"open","sticky":false,"template":"","format":"standard","meta":{"_seopress_robots_primary_cat":"","_seopress_titles_title":"","_seopress_titles_desc":"","_seopress_robots_index":"","footnotes":""},"categories":[40],"tags":[],"class_list":["post-780","post","type-post","status-publish","format-standard","has-post-thumbnail","hentry","category-noticias"],"_links":{"self":[{"href":"https:\/\/oeirasdopara.pa.gov.br\/novo\/wp-json\/wp\/v2\/posts\/780","targetHints":{"allow":["GET"]}}],"collection":[{"href":"https:\/\/oeirasdopara.pa.gov.br\/novo\/wp-json\/wp\/v2\/posts"}],"about":[{"href":"https:\/\/oeirasdopara.pa.gov.br\/novo\/wp-json\/wp\/v2\/types\/post"}],"author":[{"embeddable":true,"href":"https:\/\/oeirasdopara.pa.gov.br\/novo\/wp-json\/wp\/v2\/users\/8"}],"replies":[{"embeddable":true,"href":"https:\/\/oeirasdopara.pa.gov.br\/novo\/wp-json\/wp\/v2\/comments?post=780"}],"version-history":[{"count":3,"href":"https:\/\/oeirasdopara.pa.gov.br\/novo\/wp-json\/wp\/v2\/posts\/780\/revisions"}],"predecessor-version":[{"id":789,"href":"https:\/\/oeirasdopara.pa.gov.br\/novo\/wp-json\/wp\/v2\/posts\/780\/revisions\/789"}],"wp:featuredmedia":[{"embeddable":true,"href":"https:\/\/oeirasdopara.pa.gov.br\/novo\/wp-json\/wp\/v2\/media\/781"}],"wp:attachment":[{"href":"https:\/\/oeirasdopara.pa.gov.br\/novo\/wp-json\/wp\/v2\/media?parent=780"}],"wp:term":[{"taxonomy":"category","embeddable":true,"href":"https:\/\/oeirasdopara.pa.gov.br\/novo\/wp-json\/wp\/v2\/categories?post=780"},{"taxonomy":"post_tag","embeddable":true,"href":"https:\/\/oeirasdopara.pa.gov.br\/novo\/wp-json\/wp\/v2\/tags?post=780"}],"curies":[{"name":"wp","href":"https:\/\/api.w.org\/{rel}","templated":true}]}}