{"id":752,"date":"2015-11-27T11:38:06","date_gmt":"2015-11-27T11:38:06","guid":{"rendered":"http:\/\/localhost\/portal01\/?p=752"},"modified":"2015-11-28T01:03:48","modified_gmt":"2015-11-28T01:03:48","slug":"poster-da-sexta-temporada-de-game-of-thrones-traz-jon-snow-de-volta","status":"publish","type":"post","link":"https:\/\/oeirasdopara.pa.gov.br\/novo\/poster-da-sexta-temporada-de-game-of-thrones-traz-jon-snow-de-volta\/","title":{"rendered":"P\u00f4ster da sexta temporada de &#8220;Game of Thrones&#8221; traz Jon Snow de volta"},"content":{"rendered":"<p><a href=\"http:\/\/localhost\/portal01\/wp-content\/uploads\/2015\/11\/23nov2015-teaser-da-sexta-temporada-de-game-of-thrones-traz-jon-snow-kit-harington-de-volta-1448295454323_300x420.jpg\"><img fetchpriority=\"high\" decoding=\"async\" class=\"alignnone wp-image-753\" src=\"http:\/\/localhost\/portal01\/wp-content\/uploads\/2015\/11\/23nov2015-teaser-da-sexta-temporada-de-game-of-thrones-traz-jon-snow-kit-harington-de-volta-1448295454323_300x420-214x300.jpg\" alt=\"23nov2015---teaser-da-sexta-temporada-de-game-of-thrones-traz-jon-snow-kit-harington-de-volta-1448295454323_300x420\" width=\"555\" height=\"778\" srcset=\"https:\/\/oeirasdopara.pa.gov.br\/novo\/wp-content\/uploads\/2015\/11\/23nov2015-teaser-da-sexta-temporada-de-game-of-thrones-traz-jon-snow-kit-harington-de-volta-1448295454323_300x420-214x300.jpg 214w, https:\/\/oeirasdopara.pa.gov.br\/novo\/wp-content\/uploads\/2015\/11\/23nov2015-teaser-da-sexta-temporada-de-game-of-thrones-traz-jon-snow-kit-harington-de-volta-1448295454323_300x420-107x150.jpg 107w, https:\/\/oeirasdopara.pa.gov.br\/novo\/wp-content\/uploads\/2015\/11\/23nov2015-teaser-da-sexta-temporada-de-game-of-thrones-traz-jon-snow-kit-harington-de-volta-1448295454323_300x420.jpg 300w\" sizes=\"(max-width: 555px) 100vw, 555px\" \/><\/a><\/p>\n<p>&nbsp;<\/p>\n<p>A HBO divulgou nesta segunda-feira (23) o primeiro p\u00f4ster da sexta temporada de &#8220;Game of Thrones&#8221;, cuja estreia est\u00e1 marcada para abril de 2016.<\/p>\n<p>Para alegria dos f\u00e3s da s\u00e9rie, que desde o fim do quinto ano especulam sobre o retorno de Jon Snow (Kit Harington), o personagem aparece ensanguentado no teaser, o que aumenta as chances de que ele volte \u00e0 hist\u00f3ria.<\/p>\n<p><strong>ALERTA DE SPOILER: N\u00c3O LEIA SE N\u00c3O QUISER SABER DETALHES DE &#8220;GAME OF THRONES&#8221;<\/strong><\/p>\n<p>Personagem querido da saga, Snow foi morto no encerramento da quinta temporada. V\u00edtima de uma emboscada, o jovem comandante da Patrulha da Noite acabou se tornando impopular entre seus subordinados ao trazer os selvagens para dentro da Muralha.<\/p>\n<p>Ele foi esfaqueado por v\u00e1rios de seus irm\u00e3os da Patrulha. Mas quem deu o golpe final, em seu cora\u00e7\u00e3o, foi o pequeno Olly (Brenock O&#8217;Connor), que teve os pais mortos por selvagens.<\/p>\n<p>Logo ap\u00f3s a exibi\u00e7\u00e3o do epis\u00f3dio, em junho deste ano, o ator Kit Harington afirmou em entrevista \u00e0 revista &#8220;Entertainment Weekly&#8221; que n\u00e3o retornaria \u00e0 s\u00e9rie. A declara\u00e7\u00e3o, no entanto, n\u00e3o se sustentou depois que Harington foi flagrado no set de grava\u00e7\u00f5es da s\u00e9rie, em Belfast, na Irlanda do Norte.<\/p>\n<p>Algumas teorias sobre a morte de Snow dizem que ele ser\u00e1 ressuscitado por Melisandre (Carice van Houten), embora exista a possibilidade de o ator estar no set apenas gravando flashbacks para a s\u00e9rie.<\/p>\n<p>Recentemente, Harington refor\u00e7ou os rumores de seu retorno \u00e0 &#8220;Game of Thrones&#8221; dizendo que ainda tem contrato com a HBO. Ele tamb\u00e9m declarou que vai deixar a s\u00e9rie apenas quando tiver na casa dos 30 anos. Atualmente, ele tem 28 anos.<\/script><\/p>\n","protected":false},"excerpt":{"rendered":"<p>&nbsp; A HBO divulgou nesta segunda-feira (23) o primeiro p\u00f4ster da sexta temporada de &#8220;Game of Thrones&#8221;, cuja estreia est\u00e1 marcada para abril de 2016. Para alegria dos f\u00e3s da s\u00e9rie, que desde o fim do quinto ano especulam sobre o retorno de Jon Snow (Kit Harington), o personagem aparece ensanguentado no teaser, o que [&hellip;]<\/p>\n","protected":false},"author":8,"featured_media":755,"comment_status":"open","ping_status":"open","sticky":false,"template":"","format":"standard","meta":{"_seopress_robots_primary_cat":"","_seopress_titles_title":"","_seopress_titles_desc":"","_seopress_robots_index":"","footnotes":""},"categories":[1],"tags":[],"class_list":["post-752","post","type-post","status-publish","format-standard","has-post-thumbnail","hentry","category-sem-categoria"],"_links":{"self":[{"href":"https:\/\/oeirasdopara.pa.gov.br\/novo\/wp-json\/wp\/v2\/posts\/752","targetHints":{"allow":["GET"]}}],"collection":[{"href":"https:\/\/oeirasdopara.pa.gov.br\/novo\/wp-json\/wp\/v2\/posts"}],"about":[{"href":"https:\/\/oeirasdopara.pa.gov.br\/novo\/wp-json\/wp\/v2\/types\/post"}],"author":[{"embeddable":true,"href":"https:\/\/oeirasdopara.pa.gov.br\/novo\/wp-json\/wp\/v2\/users\/8"}],"replies":[{"embeddable":true,"href":"https:\/\/oeirasdopara.pa.gov.br\/novo\/wp-json\/wp\/v2\/comments?post=752"}],"version-history":[{"count":1,"href":"https:\/\/oeirasdopara.pa.gov.br\/novo\/wp-json\/wp\/v2\/posts\/752\/revisions"}],"predecessor-version":[{"id":754,"href":"https:\/\/oeirasdopara.pa.gov.br\/novo\/wp-json\/wp\/v2\/posts\/752\/revisions\/754"}],"wp:featuredmedia":[{"embeddable":true,"href":"https:\/\/oeirasdopara.pa.gov.br\/novo\/wp-json\/wp\/v2\/media\/755"}],"wp:attachment":[{"href":"https:\/\/oeirasdopara.pa.gov.br\/novo\/wp-json\/wp\/v2\/media?parent=752"}],"wp:term":[{"taxonomy":"category","embeddable":true,"href":"https:\/\/oeirasdopara.pa.gov.br\/novo\/wp-json\/wp\/v2\/categories?post=752"},{"taxonomy":"post_tag","embeddable":true,"href":"https:\/\/oeirasdopara.pa.gov.br\/novo\/wp-json\/wp\/v2\/tags?post=752"}],"curies":[{"name":"wp","href":"https:\/\/api.w.org\/{rel}","templated":true}]}}