{"id":746,"date":"2015-11-27T18:25:38","date_gmt":"2015-11-27T18:25:38","guid":{"rendered":"http:\/\/localhost\/portal01\/?p=746"},"modified":"2015-11-27T23:07:35","modified_gmt":"2015-11-27T23:07:35","slug":"para-diretor-do-zorra-globo-renovou-seu-humor-e-recupera-tempo-perdido","status":"publish","type":"post","link":"https:\/\/oeirasdopara.pa.gov.br\/novo\/para-diretor-do-zorra-globo-renovou-seu-humor-e-recupera-tempo-perdido\/","title":{"rendered":"Para diretor do &#8220;Zorra&#8221;, Globo renovou seu humor."},"content":{"rendered":"<p>&nbsp;<\/p>\n<p><a href=\"http:\/\/localhost\/portal01\/wp-content\/uploads\/2015\/11\/mauricio-farias-assumiu-o-zorra-em-junho-de-2014-depois-de-15-anos-do-programa-sob-o-comando-de-mauricio-sherman-1430859281688_615x300.jpg\"><img fetchpriority=\"high\" decoding=\"async\" class=\"alignnone wp-image-747\" src=\"http:\/\/localhost\/portal01\/wp-content\/uploads\/2015\/11\/mauricio-farias-assumiu-o-zorra-em-junho-de-2014-depois-de-15-anos-do-programa-sob-o-comando-de-mauricio-sherman-1430859281688_615x300-300x146.jpg\" alt=\"mauricio-farias-assumiu-o-zorra-em-junho-de-2014-depois-de-15-anos-do-programa-sob-o-comando-de-mauricio-sherman-1430859281688_615x300\" width=\"684\" height=\"333\" srcset=\"https:\/\/oeirasdopara.pa.gov.br\/novo\/wp-content\/uploads\/2015\/11\/mauricio-farias-assumiu-o-zorra-em-junho-de-2014-depois-de-15-anos-do-programa-sob-o-comando-de-mauricio-sherman-1430859281688_615x300-300x146.jpg 300w, https:\/\/oeirasdopara.pa.gov.br\/novo\/wp-content\/uploads\/2015\/11\/mauricio-farias-assumiu-o-zorra-em-junho-de-2014-depois-de-15-anos-do-programa-sob-o-comando-de-mauricio-sherman-1430859281688_615x300-150x73.jpg 150w, https:\/\/oeirasdopara.pa.gov.br\/novo\/wp-content\/uploads\/2015\/11\/mauricio-farias-assumiu-o-zorra-em-junho-de-2014-depois-de-15-anos-do-programa-sob-o-comando-de-mauricio-sherman-1430859281688_615x300.jpg 615w\" sizes=\"(max-width: 684px) 100vw, 684px\" \/><\/a><\/p>\n<p>Maur\u00edcio Farias assumiu o &#8220;Zorra&#8221; em junho de 2014 depois de 15 anos do programa sob o comando de Maur\u00edcio Sherman<\/p>\n<p>Diretor por tr\u00e1s do &#8220;T\u00e1 no Ar&#8221; e do novo &#8220;Zorra&#8221;, que estreou neste ano, Maur\u00edcio Farias acredita que a Globo recuperou um tempo perdido ao reformular sua grade de humor\u00edsticos, tornando-os mais atuais e dando espa\u00e7o e novos nomes do humor como Marcelo Adnet e Dani Calabresa.<\/p>\n<p>&#8220;A TV onde eu trabalho, a Globo, recuperou um tempo perdido depois de n\u00e3o ter acolhido e dado espa\u00e7o para essa gera\u00e7\u00e3o que hoje est\u00e1 forte e fazendo muitas coisas. Vejo isso no &#8216;T\u00e1 no Ar&#8217;, vejo isso no &#8216;Zorra&#8217;, \u00e9 onde a gente espera estar fazendo isso e trazendo cada vez mais novos artistas para os trabalhos&#8221;, afirmou Farias em entrevista ao<strong> UOL<\/strong>.<\/p>\n<p>Citando comediantes como Chico Anysio, J\u00f4 Soares e Agildo Ribeiro, o diretor diz que \u00e9 natural haver uma renova\u00e7\u00e3o de humoristas de tempos em tempos. &#8220;Acho que agora, no momento em que essa gera\u00e7\u00e3o j\u00e1 est\u00e1 deixando os palcos da vida, isso foi abrindo espa\u00e7o para que outros artistas fossem ocupando cada vez mais. Isso \u00e9 uma renova\u00e7\u00e3o que acontece naturalmente, que vai acontecer com essa gera\u00e7\u00e3o um dia e que j\u00e1 aconteceu com gera\u00e7\u00f5es intermediarias, que tamb\u00e9m foram expoentes&#8221;.<\/p>\n<p>Para Farias, o humor em si n\u00e3o envelhece, mas a sociedade e os temas dos quais ele fala, sim \u2013 e por isso \u00e9 t\u00e3o necess\u00e1rio que os programas tamb\u00e9m mudem. &#8220;Humor n\u00e3o tem data, voc\u00ea \u00e9 capaz de ver um filme do Chaplin e rir como as pessoas riam nas d\u00e9cadas de 1940, 1930, 1920. Mas acontece que os assuntos, o que est\u00e1 por dentro do humor, isso envelhece. Os costumes mudam, a cabe\u00e7a das pessoas muda, a sociedade muda. E, consequentemente esses temas tamb\u00e9m mudam&#8221;.<\/script><\/p>\n","protected":false},"excerpt":{"rendered":"<p>&nbsp; Maur\u00edcio Farias assumiu o &#8220;Zorra&#8221; em junho de 2014 depois de 15 anos do programa sob o comando de Maur\u00edcio Sherman Diretor por tr\u00e1s do &#8220;T\u00e1 no Ar&#8221; e do novo &#8220;Zorra&#8221;, que estreou neste ano, Maur\u00edcio Farias acredita que a Globo recuperou um tempo perdido ao reformular sua grade de humor\u00edsticos, tornando-os mais [&hellip;]<\/p>\n","protected":false},"author":8,"featured_media":747,"comment_status":"open","ping_status":"open","sticky":false,"template":"","format":"standard","meta":{"_seopress_robots_primary_cat":"","_seopress_titles_title":"","_seopress_titles_desc":"","_seopress_robots_index":"","footnotes":""},"categories":[1],"tags":[],"class_list":["post-746","post","type-post","status-publish","format-standard","has-post-thumbnail","hentry","category-sem-categoria"],"_links":{"self":[{"href":"https:\/\/oeirasdopara.pa.gov.br\/novo\/wp-json\/wp\/v2\/posts\/746","targetHints":{"allow":["GET"]}}],"collection":[{"href":"https:\/\/oeirasdopara.pa.gov.br\/novo\/wp-json\/wp\/v2\/posts"}],"about":[{"href":"https:\/\/oeirasdopara.pa.gov.br\/novo\/wp-json\/wp\/v2\/types\/post"}],"author":[{"embeddable":true,"href":"https:\/\/oeirasdopara.pa.gov.br\/novo\/wp-json\/wp\/v2\/users\/8"}],"replies":[{"embeddable":true,"href":"https:\/\/oeirasdopara.pa.gov.br\/novo\/wp-json\/wp\/v2\/comments?post=746"}],"version-history":[{"count":2,"href":"https:\/\/oeirasdopara.pa.gov.br\/novo\/wp-json\/wp\/v2\/posts\/746\/revisions"}],"predecessor-version":[{"id":776,"href":"https:\/\/oeirasdopara.pa.gov.br\/novo\/wp-json\/wp\/v2\/posts\/746\/revisions\/776"}],"wp:featuredmedia":[{"embeddable":true,"href":"https:\/\/oeirasdopara.pa.gov.br\/novo\/wp-json\/wp\/v2\/media\/747"}],"wp:attachment":[{"href":"https:\/\/oeirasdopara.pa.gov.br\/novo\/wp-json\/wp\/v2\/media?parent=746"}],"wp:term":[{"taxonomy":"category","embeddable":true,"href":"https:\/\/oeirasdopara.pa.gov.br\/novo\/wp-json\/wp\/v2\/categories?post=746"},{"taxonomy":"post_tag","embeddable":true,"href":"https:\/\/oeirasdopara.pa.gov.br\/novo\/wp-json\/wp\/v2\/tags?post=746"}],"curies":[{"name":"wp","href":"https:\/\/api.w.org\/{rel}","templated":true}]}}