{"id":730,"date":"2015-11-27T02:02:20","date_gmt":"2015-11-27T02:02:20","guid":{"rendered":"http:\/\/localhost\/portal01\/?p=730"},"modified":"2015-11-27T02:02:20","modified_gmt":"2015-11-27T02:02:20","slug":"nasa-acredita-ter-resolvido-misterio-sobre-megaestrutura-alienigena-no-espaco","status":"publish","type":"post","link":"https:\/\/oeirasdopara.pa.gov.br\/novo\/nasa-acredita-ter-resolvido-misterio-sobre-megaestrutura-alienigena-no-espaco\/","title":{"rendered":"Nasa acredita ter resolvido mist\u00e9rio sobre megaestrutura &#8216;alien\u00edgena&#8217; no espa\u00e7o"},"content":{"rendered":"<p><a href=\"http:\/\/localhost\/portal01\/wp-content\/uploads\/2015\/11\/26nov2015-ilustracao-mostra-uma-estrela-atras-de-um-cometa-fragmentado-observacoes-sugerem-que-esse-seja-o-motivo-dos-misteriosos-padroes-de-luz-da-estrela-kic-8462852-1448536864426_615x300.jpg\"><img fetchpriority=\"high\" decoding=\"async\" class=\"alignnone  wp-image-732\" src=\"http:\/\/localhost\/portal01\/wp-content\/uploads\/2015\/11\/26nov2015-ilustracao-mostra-uma-estrela-atras-de-um-cometa-fragmentado-observacoes-sugerem-que-esse-seja-o-motivo-dos-misteriosos-padroes-de-luz-da-estrela-kic-8462852-1448536864426_615x300-300x146.jpg\" alt=\"26nov2015---ilustracao-mostra-uma-estrela-atras-de-um-cometa-fragmentado-observacoes-sugerem-que-esse-seja-o-motivo-dos-misteriosos-padroes-de-luz-da-estrela-kic-8462852-1448536864426_615x300\" width=\"701\" height=\"341\" srcset=\"https:\/\/oeirasdopara.pa.gov.br\/novo\/wp-content\/uploads\/2015\/11\/26nov2015-ilustracao-mostra-uma-estrela-atras-de-um-cometa-fragmentado-observacoes-sugerem-que-esse-seja-o-motivo-dos-misteriosos-padroes-de-luz-da-estrela-kic-8462852-1448536864426_615x300-300x146.jpg 300w, https:\/\/oeirasdopara.pa.gov.br\/novo\/wp-content\/uploads\/2015\/11\/26nov2015-ilustracao-mostra-uma-estrela-atras-de-um-cometa-fragmentado-observacoes-sugerem-que-esse-seja-o-motivo-dos-misteriosos-padroes-de-luz-da-estrela-kic-8462852-1448536864426_615x300.jpg 615w\" sizes=\"(max-width: 701px) 100vw, 701px\" \/><\/a><\/p>\n<p>Uma estrela enigm\u00e1tica emitindo misteriosos padr\u00f5es de luz motivou cientistas a sugerir, no m\u00eas passado, a possibilidade de vida alien\u00edgena naquele local.<\/p>\n<p>Um deles chegou a relacionar o comportamento estranho e incomum da estrela, que lembrava um &#8220;enxame de megaestruturas&#8221;, a uma poss\u00edvel civiliza\u00e7\u00e3o de ETs.<\/p>\n<p>A Nasa (ag\u00eancia espacial americana) vinha monitorando a estrela havia quatro anos, chamada KIC 8462852, e identificou padr\u00f5es estranhos de luminosidade em 2011 e em 2013.<\/p>\n<p>Agora, achados recentes da ag\u00eancia apontam para a hip\u00f3tese de que a apar\u00eancia da estrela provavelmente seja causada por uma fam\u00edlia de cometas viajando em uma \u00f3rbita longa e rara em torno dela.<\/p>\n<p>\u00c0 frente da fam\u00edlia haveria um enorme cometa, que teria bloqueado a luz da estrela em 2011, como foi detectado pela miss\u00e3o Kepler da Nasa.<\/p>\n<p>Depois, em 2013, o restante da fam\u00edlia, fragmentos de cometas de diferentes tamanhos, teriam passado novamente em frente \u00e0 estrela e bloqueado sua luz, motivando os padr\u00f5es luminosos misteriosos.<\/p>\n<h3>Obra alien\u00edgena<\/h3>\n<p>Quando a estrela foi identificada, o astr\u00f4nomo Jason Wright, da Universidade da Pensilv\u00e2nia, disse que parecia &#8220;algo que voc\u00ea esperaria ser constru\u00eddo por uma civiliza\u00e7\u00e3o alien\u00edgena.&#8221;<\/p>\n<p>Tabetha Boyajian, pesquisadora na Universidade de Yale, disse se tratar de &#8220;algo nunca visto&#8221;.<\/p>\n<p>Pesquisadores usaram luz infravermelha para detectar movimento de calor em torno da estrela, mas os cometas n\u00e3o estavam vis\u00edveis nas observa\u00e7\u00f5es feitas neste ano, o que deixa o caso ainda em aberto.<\/p>\n<p>&#8220;N\u00f3s talvez ainda n\u00e3o saibamos o que est\u00e1 ocorrendo em torno dessa estrela, e \u00e9 isso que a torna t\u00e3o interessante&#8221;, afirmou o astrof\u00edsico Massimo Marengo, que conduziu o estudo da Nasa, baseado em dados do telesc\u00f3pio espacial Spitzer.<\/p>\n<p>Segundo Marengo, mais observa\u00e7\u00f5es ser\u00e3o necess\u00e1rias para esclarecer o caso da KIC 8462852.<\/p>\n<p>&#8220;Essa \u00e9 uma estrela muito estranha, que me lembra quando descobrimos os pulsares (estrelas de n\u00eautrons que emitem ondas de r\u00e1dio). Eles estavam emitindo sinais estranhos que ningu\u00e9m havia visto, e o primeiro a ser descoberto foi batizado LGM-1 (iniciais de &#8216;pequeno homem verde&#8217;, na sigla em ingl\u00eas).&#8221;<\/script><\/p>\n","protected":false},"excerpt":{"rendered":"<p>Uma estrela enigm\u00e1tica emitindo misteriosos padr\u00f5es de luz motivou cientistas a sugerir, no m\u00eas passado, a possibilidade de vida alien\u00edgena naquele local. Um deles chegou a relacionar o comportamento estranho e incomum da estrela, que lembrava um &#8220;enxame de megaestruturas&#8221;, a uma poss\u00edvel civiliza\u00e7\u00e3o de ETs. A Nasa (ag\u00eancia espacial americana) vinha monitorando a estrela [&hellip;]<\/p>\n","protected":false},"author":8,"featured_media":732,"comment_status":"open","ping_status":"open","sticky":false,"template":"","format":"standard","meta":{"_seopress_robots_primary_cat":"","_seopress_titles_title":"","_seopress_titles_desc":"","_seopress_robots_index":"","footnotes":""},"categories":[1],"tags":[],"class_list":["post-730","post","type-post","status-publish","format-standard","has-post-thumbnail","hentry","category-sem-categoria"],"_links":{"self":[{"href":"https:\/\/oeirasdopara.pa.gov.br\/novo\/wp-json\/wp\/v2\/posts\/730","targetHints":{"allow":["GET"]}}],"collection":[{"href":"https:\/\/oeirasdopara.pa.gov.br\/novo\/wp-json\/wp\/v2\/posts"}],"about":[{"href":"https:\/\/oeirasdopara.pa.gov.br\/novo\/wp-json\/wp\/v2\/types\/post"}],"author":[{"embeddable":true,"href":"https:\/\/oeirasdopara.pa.gov.br\/novo\/wp-json\/wp\/v2\/users\/8"}],"replies":[{"embeddable":true,"href":"https:\/\/oeirasdopara.pa.gov.br\/novo\/wp-json\/wp\/v2\/comments?post=730"}],"version-history":[{"count":1,"href":"https:\/\/oeirasdopara.pa.gov.br\/novo\/wp-json\/wp\/v2\/posts\/730\/revisions"}],"predecessor-version":[{"id":733,"href":"https:\/\/oeirasdopara.pa.gov.br\/novo\/wp-json\/wp\/v2\/posts\/730\/revisions\/733"}],"wp:featuredmedia":[{"embeddable":true,"href":"https:\/\/oeirasdopara.pa.gov.br\/novo\/wp-json\/wp\/v2\/media\/732"}],"wp:attachment":[{"href":"https:\/\/oeirasdopara.pa.gov.br\/novo\/wp-json\/wp\/v2\/media?parent=730"}],"wp:term":[{"taxonomy":"category","embeddable":true,"href":"https:\/\/oeirasdopara.pa.gov.br\/novo\/wp-json\/wp\/v2\/categories?post=730"},{"taxonomy":"post_tag","embeddable":true,"href":"https:\/\/oeirasdopara.pa.gov.br\/novo\/wp-json\/wp\/v2\/tags?post=730"}],"curies":[{"name":"wp","href":"https:\/\/api.w.org\/{rel}","templated":true}]}}