{"id":6698,"date":"2022-04-06T18:19:04","date_gmt":"2022-04-06T18:19:04","guid":{"rendered":"https:\/\/oeirasdopara.pa.gov.br\/?p=6698"},"modified":"2022-05-11T19:46:53","modified_gmt":"2022-05-11T19:46:53","slug":"edital-no-001-de-06-de-abril-de-2022","status":"publish","type":"post","link":"https:\/\/oeirasdopara.pa.gov.br\/novo\/edital-no-001-de-06-de-abril-de-2022\/","title":{"rendered":"EDITAL N\u00ba 001 DE 06 DE ABRIL DE 2022"},"content":{"rendered":"<p>PROCESSO SELETIVO SIMPLIFICADO P\u00daBLICO DO MUNIC\u00cdPIO DE OEIRAS DO PAR\u00c1\/PA PARA CONTRATA\u00c7\u00c3O TEMPOR\u00c1RIA DE EDUCADORES SOCIAIS, PARA ATUAREM NO SERVI\u00c7O DE CONVIV\u00caNCIA E FORTALECIMENTO DE V\u00cdNCULOS (SCFV-CRAS).<\/p>\n<ul>\n<li><a href=\"http:\/\/oeirasdopara.pa.gov.br\/wp-content\/uploads\/2022\/04\/EDITAL-SEMAS-nA\u0302o-002-2022.pdf\"><strong>EDITAL SEMAS<\/strong><\/a><\/li>\n<li><strong><a href=\"http:\/\/oeirasdopara.pa.gov.br\/wp-content\/uploads\/2022\/04\/1a-ERRATA-EDITAL-001.pdf\">ERRATA &#8211; EDITAL<\/a><\/strong><\/li>\n<li><a href=\"http:\/\/oeirasdopara.pa.gov.br\/wp-content\/uploads\/2022\/04\/2a-ERRATA-EDITAL-001-CRONOGRAMA-2.pdf\"><strong>2\u00b0 ERRATA &#8211; EDITAL 001 &#8211; CRONOGRAMA<\/strong><\/a><\/li>\n<li><strong><a href=\"http:\/\/oeirasdopara.pa.gov.br\/wp-content\/uploads\/2022\/04\/RESULTADO-PRELIMINAR-DA-ANALISE-DE-CURRICULO-COM-PONTUACOES.pdf\">RESULTADO PRELIMINAR DA AN\u00c1LISE DE CURR\u00cdCULO COM PONTUA\u00c7\u00d5ES<\/a><\/strong><\/li>\n<li><a href=\"http:\/\/oeirasdopara.pa.gov.br\/wp-content\/uploads\/2022\/04\/005-CERTIDAO-DE-AUSENCIA-DE-INTERPOSICAO-DE-RECURSO-QUANTO-AO-RESULTADO-1-1.pdf\"><strong>CERTID\u00c3O DE AUS\u00caNCIA DE INTERPOSI\u00c7\u00c3O DE RECURSO QUANTO AO RESULTADO<\/strong> <\/a><\/li>\n<li><a href=\"http:\/\/oeirasdopara.pa.gov.br\/wp-content\/uploads\/2022\/04\/006-CRONOGRAMA-PARA-ENTREVISTA.pdf\"><strong>CRONOGRAMA PARA ENTREVISTA<\/strong><\/a><\/li>\n<li><a href=\"http:\/\/oeirasdopara.pa.gov.br\/wp-content\/uploads\/2022\/04\/007-RESULTADO-PARCIAL-CURRICULO-E-ENTREVISTA.pdf\"><strong>RESULTADO PARCIAL CURR\u00cdCULO E ENTREVISTA<\/strong><\/a><\/li>\n<li><strong><a href=\"http:\/\/oeirasdopara.pa.gov.br\/wp-content\/uploads\/2022\/04\/008-CERTIDAO-DE-AUSENCIA-DE-INTERPOSICAO-DE-RECURSO-QUANTO-A-ENTREVISTA.pdf\">CERTID\u00c3O DE AUS\u00caNCIA DE INTERPOSI\u00c7\u00c3O DE RECURSO QUANTO A ENTREVISTA<\/a><\/strong><\/li>\n<li><a href=\"http:\/\/oeirasdopara.pa.gov.br\/wp-content\/uploads\/2022\/04\/009-RESULTADO-FINAL.pdf\"><strong>RESULTADO FINAL<\/strong><\/a><\/li>\n<li><a href=\"http:\/\/oeirasdopara.pa.gov.br\/wp-content\/uploads\/2022\/04\/009-3a-ERRATA-RESULTADO-FINAL.pdf\"><strong>ERRATA &#8211; RESULTADO FINAL<\/strong><\/a><\/li>\n<li><a href=\"http:\/\/oeirasdopara.pa.gov.br\/wp-content\/uploads\/2022\/04\/011-CERTIDAO-DE-AUSENCIA-DE-INTERPOSICAO-DE-RECURSO-QUANTO-AO-RESULTADO-FINAL.pdf\"><strong>CERTID\u00c3O DE AUS\u00caNCIA DE INTERPOSI\u00c7\u00c3O DE RECURSO QUANTO AO RESULTADO FINAL<\/strong><\/a><\/li>\n<\/ul>\n","protected":false},"excerpt":{"rendered":"<p>PROCESSO SELETIVO SIMPLIFICADO P\u00daBLICO DO MUNIC\u00cdPIO DE OEIRAS DO PAR\u00c1\/PA PARA CONTRATA\u00c7\u00c3O TEMPOR\u00c1RIA DE EDUCADORES SOCIAIS, PARA ATUAREM NO SERVI\u00c7O DE CONVIV\u00caNCIA E FORTALECIMENTO DE V\u00cdNCULOS (SCFV-CRAS). EDITAL SEMAS ERRATA &#8211; EDITAL 2\u00b0 ERRATA &#8211; EDITAL 001 &#8211; CRONOGRAMA RESULTADO PRELIMINAR DA AN\u00c1LISE DE CURR\u00cdCULO COM PONTUA\u00c7\u00d5ES CERTID\u00c3O DE AUS\u00caNCIA DE INTERPOSI\u00c7\u00c3O DE RECURSO QUANTO [&hellip;]<\/p>\n","protected":false},"author":6,"featured_media":0,"comment_status":"closed","ping_status":"open","sticky":false,"template":"","format":"standard","meta":{"_seopress_robots_primary_cat":"","_seopress_titles_title":"","_seopress_titles_desc":"","_seopress_robots_index":"","footnotes":""},"categories":[69],"tags":[],"class_list":["post-6698","post","type-post","status-publish","format-standard","hentry","category-editais"],"_links":{"self":[{"href":"https:\/\/oeirasdopara.pa.gov.br\/novo\/wp-json\/wp\/v2\/posts\/6698","targetHints":{"allow":["GET"]}}],"collection":[{"href":"https:\/\/oeirasdopara.pa.gov.br\/novo\/wp-json\/wp\/v2\/posts"}],"about":[{"href":"https:\/\/oeirasdopara.pa.gov.br\/novo\/wp-json\/wp\/v2\/types\/post"}],"author":[{"embeddable":true,"href":"https:\/\/oeirasdopara.pa.gov.br\/novo\/wp-json\/wp\/v2\/users\/6"}],"replies":[{"embeddable":true,"href":"https:\/\/oeirasdopara.pa.gov.br\/novo\/wp-json\/wp\/v2\/comments?post=6698"}],"version-history":[{"count":16,"href":"https:\/\/oeirasdopara.pa.gov.br\/novo\/wp-json\/wp\/v2\/posts\/6698\/revisions"}],"predecessor-version":[{"id":6899,"href":"https:\/\/oeirasdopara.pa.gov.br\/novo\/wp-json\/wp\/v2\/posts\/6698\/revisions\/6899"}],"wp:attachment":[{"href":"https:\/\/oeirasdopara.pa.gov.br\/novo\/wp-json\/wp\/v2\/media?parent=6698"}],"wp:term":[{"taxonomy":"category","embeddable":true,"href":"https:\/\/oeirasdopara.pa.gov.br\/novo\/wp-json\/wp\/v2\/categories?post=6698"},{"taxonomy":"post_tag","embeddable":true,"href":"https:\/\/oeirasdopara.pa.gov.br\/novo\/wp-json\/wp\/v2\/tags?post=6698"}],"curies":[{"name":"wp","href":"https:\/\/api.w.org\/{rel}","templated":true}]}}