{"id":6547,"date":"2022-02-24T14:14:05","date_gmt":"2022-02-24T14:14:05","guid":{"rendered":"https:\/\/oeirasdopara.pa.gov.br\/?p=6547"},"modified":"2022-02-24T14:14:05","modified_gmt":"2022-02-24T14:14:05","slug":"tomada-de-preco-no-2-2022-00001-cpl-pmop","status":"publish","type":"post","link":"https:\/\/oeirasdopara.pa.gov.br\/novo\/tomada-de-preco-no-2-2022-00001-cpl-pmop\/","title":{"rendered":"TOMADA DE PRE\u00c7O N\u00ba 2\/2022-00001-CPL\/PMOP"},"content":{"rendered":"<p>OBJETO: CONTRATA\u00c7\u00c3O DE EMPRESA ESPECIALIZADA EM REFORMA E ADEQUA\u00c7\u00c3O DA EMEF PROF. THEREZINHA DE MORAES GUEIROS NA SEDE DO MUNIC\u00cdPIO DE OEIORAS DO PAR\u00c1, TODA EM ESTRUTURA EM CONCRETO ARMADO E FECHAMENTO EM ALVENARIA, CONSTRUIDA COM 18 (DEZOITO) SALAS DE AULA, SECRETARIA, SALA PROINFO, SALA DOS PROFESSORES, SALA DA COORDENA\u00c7\u00c3O PEDAG\u00d3GICA, SALA DE LEITURA, CIRCULA\u00c7\u00d5ES, BANHEIROS COLETIVOS, COZINHA, DEP\u00d3SITO, REFEIT\u00d3RIO E ALMOXARIFADO.<\/p>\n<ul>\n<li><a href=\"http:\/\/oeirasdopara.pa.gov.br\/wp-content\/uploads\/2022\/02\/1.-PLANILHA-ORCAMENTARIA-THEREZINHA.pdf\">1. PLANILHA OR\u00c7AMENT\u00c1RIA THEREZINHA<\/a><\/li>\n<li><a href=\"http:\/\/oeirasdopara.pa.gov.br\/wp-content\/uploads\/2022\/02\/2.-PLANILHA-COMP-CUSTOS-UNITARIOS-ESC-THEREZINHA.pdf\">2. PLANILHA COMP CUSTOS UNIT\u00c1RIOS ESC THEREZINHA<\/a><\/li>\n<li><a href=\"http:\/\/oeirasdopara.pa.gov.br\/wp-content\/uploads\/2022\/02\/3.-CRONOGRAMA-FISICO-FINANCEIRO-THEREZINHA.pdf\">3. CRONOGRAMA F\u00cdSICO FINANCEIRO THEREZINHA<\/a><\/li>\n<li><a href=\"http:\/\/oeirasdopara.pa.gov.br\/wp-content\/uploads\/2022\/02\/4.-MEMORIAL-DESCRITIVO-E-ESPECIFICACOES-TECNICAS.pdf\">4. MEMORIAL DESCRITIVO E ESPECIFICA\u00c7\u00d5ES T\u00c9CNICAS<\/a><\/li>\n<li><a href=\"http:\/\/oeirasdopara.pa.gov.br\/wp-content\/uploads\/2022\/02\/6-EDITAL-ESCOLA-THEREZINHA.pdf\">6-EDITAL ESCOLA THEREZINHA<\/a><\/li>\n<li><a href=\"http:\/\/oeirasdopara.pa.gov.br\/wp-content\/uploads\/2022\/02\/ARQ-ESCOLA-THEREZINHA-M.GUEIROS-COBERTURA.pdf\">ARQ ESCOLA THEREZINHA M.GUEIROS COBERTURA<\/a><\/li>\n<li><a href=\"http:\/\/oeirasdopara.pa.gov.br\/wp-content\/uploads\/2022\/02\/ARQ-ESCOLA-THEREZINHA-M.GUEIROS-FACHADA.-ELEVACOES.-MURO.pdf\">ARQ ESCOLA THEREZINHA M.GUEIROS FACHADA. ELEVAC\u00d5ES. MURO<\/a><\/li>\n<li><a href=\"http:\/\/oeirasdopara.pa.gov.br\/wp-content\/uploads\/2022\/02\/ARQ-ESCOLA-THEREZINHA-M.GUEIROS-PLANTA-BAIXA.pdf\">ARQ ESCOLA THEREZINHA M.GUEIROS PLANTA BAIXA<\/a><\/li>\n<li><a href=\"http:\/\/oeirasdopara.pa.gov.br\/wp-content\/uploads\/2022\/02\/ATA-DA-SESSAO.pdf\">ATA DA SESS\u00c3O<\/a><\/li>\n<li><a href=\"http:\/\/oeirasdopara.pa.gov.br\/wp-content\/uploads\/2022\/02\/aviso-de-licitacao.pdf\">aviso de licita\u00e7\u00e3o<\/a><\/li>\n<li><a href=\"http:\/\/oeirasdopara.pa.gov.br\/wp-content\/uploads\/2022\/02\/CONTRATO-No-20220066-FUNDEB-J-M-M-DE-SENA.pdf\">CONTRATO N\u00ba 20220066 FUNDEB J M M DE SENA<\/a><\/li>\n<li><a href=\"http:\/\/oeirasdopara.pa.gov.br\/wp-content\/uploads\/2022\/02\/EDITAL-REFORMA-DA-THEREZINHA-2022-CORRIGIDO_000001.pdf\">EDITAL REFORMA DA THEREZINHA 2022 CORRIGIDO_000001<\/a><\/li>\n<li><a href=\"http:\/\/oeirasdopara.pa.gov.br\/wp-content\/uploads\/2022\/02\/PLANILHA-DE-COMPOSICAO-DE-CUSTOS-UNITARIOS.xls\">PLANILHA DE COMPOSI\u00c7\u00c3O DE CUSTOS UNIT\u00c1RIOS<\/a><\/li>\n<li><a href=\"http:\/\/oeirasdopara.pa.gov.br\/wp-content\/uploads\/2022\/02\/PLANILHA-ORCAMENTARIA-ESCOLA-THEREZINHA-GUEIROS.xls\">PLANILHA OR\u00c7AMENT\u00c1RIA ESCOLA THEREZINHA GUEIROS<\/a><\/li>\n<li><a href=\"http:\/\/oeirasdopara.pa.gov.br\/wp-content\/uploads\/2022\/02\/projeto-basico.pdf\">projeto basico<\/a><\/li>\n<li><a href=\"http:\/\/oeirasdopara.pa.gov.br\/wp-content\/uploads\/2022\/02\/PROPOSTA-VENCEDOR.pdf\">PROPOSTA VENCEDOR<\/a><\/li>\n<li><a href=\"http:\/\/oeirasdopara.pa.gov.br\/wp-content\/uploads\/2022\/02\/PUBLICACAO-DO-SITE-DA-PREFEITURA-MUNICIPAL-therezinha.pdf\">PUBLICA\u00c7\u00c3O DO SITE DA PREFEITURA MUNICIPAL therezinha<\/a><\/li>\n<li><a href=\"http:\/\/oeirasdopara.pa.gov.br\/wp-content\/uploads\/2022\/02\/TERMO-DE-HOMOLOGACAO-E-ADJUDICACAO.pdf\">TERMO DE HOMOLOGA\u00c7\u00c3O E ADJUDICA\u00c7\u00c3O<\/a><\/li>\n<\/ul>\n","protected":false},"excerpt":{"rendered":"<p>OBJETO: CONTRATA\u00c7\u00c3O DE EMPRESA ESPECIALIZADA EM REFORMA E ADEQUA\u00c7\u00c3O DA EMEF PROF. THEREZINHA DE MORAES GUEIROS NA SEDE DO MUNIC\u00cdPIO DE OEIORAS DO PAR\u00c1, TODA EM ESTRUTURA EM CONCRETO ARMADO E FECHAMENTO EM ALVENARIA, CONSTRUIDA COM 18 (DEZOITO) SALAS DE AULA, SECRETARIA, SALA PROINFO, SALA DOS PROFESSORES, SALA DA COORDENA\u00c7\u00c3O PEDAG\u00d3GICA, SALA DE LEITURA, CIRCULA\u00c7\u00d5ES, [&hellip;]<\/p>\n","protected":false},"author":6,"featured_media":0,"comment_status":"closed","ping_status":"open","sticky":false,"template":"","format":"standard","meta":{"_seopress_robots_primary_cat":"","_seopress_titles_title":"","_seopress_titles_desc":"","_seopress_robots_index":"","footnotes":""},"categories":[69],"tags":[],"class_list":["post-6547","post","type-post","status-publish","format-standard","hentry","category-editais"],"_links":{"self":[{"href":"https:\/\/oeirasdopara.pa.gov.br\/novo\/wp-json\/wp\/v2\/posts\/6547","targetHints":{"allow":["GET"]}}],"collection":[{"href":"https:\/\/oeirasdopara.pa.gov.br\/novo\/wp-json\/wp\/v2\/posts"}],"about":[{"href":"https:\/\/oeirasdopara.pa.gov.br\/novo\/wp-json\/wp\/v2\/types\/post"}],"author":[{"embeddable":true,"href":"https:\/\/oeirasdopara.pa.gov.br\/novo\/wp-json\/wp\/v2\/users\/6"}],"replies":[{"embeddable":true,"href":"https:\/\/oeirasdopara.pa.gov.br\/novo\/wp-json\/wp\/v2\/comments?post=6547"}],"version-history":[{"count":2,"href":"https:\/\/oeirasdopara.pa.gov.br\/novo\/wp-json\/wp\/v2\/posts\/6547\/revisions"}],"predecessor-version":[{"id":14027,"href":"https:\/\/oeirasdopara.pa.gov.br\/novo\/wp-json\/wp\/v2\/posts\/6547\/revisions\/14027"}],"wp:attachment":[{"href":"https:\/\/oeirasdopara.pa.gov.br\/novo\/wp-json\/wp\/v2\/media?parent=6547"}],"wp:term":[{"taxonomy":"category","embeddable":true,"href":"https:\/\/oeirasdopara.pa.gov.br\/novo\/wp-json\/wp\/v2\/categories?post=6547"},{"taxonomy":"post_tag","embeddable":true,"href":"https:\/\/oeirasdopara.pa.gov.br\/novo\/wp-json\/wp\/v2\/tags?post=6547"}],"curies":[{"name":"wp","href":"https:\/\/api.w.org\/{rel}","templated":true}]}}