{"id":6506,"date":"2022-02-09T11:01:04","date_gmt":"2022-02-09T11:01:04","guid":{"rendered":"https:\/\/oeirasdopara.pa.gov.br\/?p=6506"},"modified":"2022-02-23T14:54:46","modified_gmt":"2022-02-23T14:54:46","slug":"tomada-de-preco-no-2-2021-00003-cpl-pmop","status":"publish","type":"post","link":"https:\/\/oeirasdopara.pa.gov.br\/novo\/tomada-de-preco-no-2-2021-00003-cpl-pmop\/","title":{"rendered":"TOMADA DE PRE\u00c7O N\u00ba 2\/2021-00003-CPL\/PMOP"},"content":{"rendered":"<p>OBJETO: CONTRATA\u00c7\u00c3O DE EMPRESA ESPECIALIZADA EM SERVI\u00c7OS DE ENGENHARIA PARA REFORMA E ADEQUA\u00c7\u00c3O DA ESCOLA M. E. F. JER\u00d4NIMO MILHOMEM TAVARES NA SEDE DO MUNIC\u00cdPIO DE OEIRAS DO PAR\u00c1, TODA EM ESTRUTURA EM CONCRETO ARMADO E FECHAMENTO EM ALVENARIA, CONSTIT\u00daDA COM 23 (VINTE E TR\u00caS) SALAS DE AULA, SECRETARIA, SALA DO PROINFO, SALA DOS PROFESSORES, SALA DO COORD. PEDAG\u00d3GICA, SALA DE LEITURA, CIRCULA\u00c7\u00d5ES, BANHEIROS COLETIVOS, COZINHA, DEP\u00d3SITOS, REFEIT\u00d3RIOS, ALMOXARIFADO E PALCO EM MADEIRA.<\/p>\n<ul>\n<li><a href=\"http:\/\/oeirasdopara.pa.gov.br\/wp-content\/uploads\/2022\/02\/1.-MEMORIAL-DESCRITIVO-E-ESPECIFICACOES-TECNICAS.pdf\">1. MEMORIAL DESCRITIVO E ESPECIFICA\u00c7\u00d5ES T\u00c9CNICAS<\/a><\/li>\n<li><a href=\"http:\/\/oeirasdopara.pa.gov.br\/wp-content\/uploads\/2022\/02\/2.-PLANILHA-ORCA-JERONIMO-MILHOMEN-REFORMA-E-ADEQUACAO-ass.pdf\">2. PLANILHA OR\u00c7A JER\u00d4NIMO MILHOMEN REFORMA E ADEQUA\u00c7\u00c3O <\/a><\/li>\n<li><a href=\"http:\/\/oeirasdopara.pa.gov.br\/wp-content\/uploads\/2022\/02\/3.-CRONOGRAMA-JERONIMO-MILHOMEN-REFORMA-E-ADEQUACAO-ass.pdf\">3. CRONOGRAMA JER\u00d4NIMO MILHOMEN REFORMA E ADEQUA\u00c7\u00c3O <\/a><\/li>\n<li><a href=\"http:\/\/oeirasdopara.pa.gov.br\/wp-content\/uploads\/2022\/02\/4.-RESUMO-ESCOLA-JERONIMO-MILHOMEN-REFORMA-E-ADEQUACAO-novembro-ass.pdf\">4. RESUMO ESCOLA JER\u00d4NIMO MILHOMEN REFORMA E ADEQUA\u00c7\u00c3O <\/a><\/li>\n<li><a href=\"http:\/\/oeirasdopara.pa.gov.br\/wp-content\/uploads\/2022\/02\/5.-RELATORIO-FOTOGRAFICO-DA-SITUACAO-ATUAL-JERONIMO-MILNOMEN-novembro-ass.pdf\">5. RELAT\u00d3RIO FOTOGR\u00c1FICO DA SITUA\u00c7\u00c3O ATUAL &#8211; JER\u00d4NIMO MILNOMEN <\/a><\/li>\n<li><a href=\"http:\/\/oeirasdopara.pa.gov.br\/wp-content\/uploads\/2022\/02\/6.-JUSTIFICATIVA-de-Obra-Milhomen-ass.pdf\">6. JUSTIFICATIVA de Obra Milhomen <\/a><\/li>\n<li><a href=\"http:\/\/oeirasdopara.pa.gov.br\/wp-content\/uploads\/2022\/02\/7.-PLANTA-BAIXA-Jeronimo-M-Tavares-2021-ass.pdf\">7. PLANTA BAIXA Jer\u00f4nimo M Tavares 2021 <\/a><\/li>\n<li><a href=\"http:\/\/oeirasdopara.pa.gov.br\/wp-content\/uploads\/2022\/02\/8.-CORTES-E-ELEVACOES-Jeronimo-Milhomen-Tavares-2021-ass.pdf\">8. CORTES E ELEVA\u00c7\u00d5ES Jer\u00f4nimo Milhomen Tavares 2021 <\/a><\/li>\n<li><a href=\"http:\/\/oeirasdopara.pa.gov.br\/wp-content\/uploads\/2022\/02\/9.-COBERTURA-Jeronimo-M-Tavares-2021-ass.pdf\">9. COBERTURA Jer\u00f4nimo M Tavares 2021 <\/a><\/li>\n<li><a href=\"http:\/\/oeirasdopara.pa.gov.br\/wp-content\/uploads\/2022\/02\/CONTRATO-No-20220067-FUNDEB-L-A-TENORIO-LEAO.pdf\">CONTRATO N\u00ba 20220067 FUNDEB L A TENORIO LE\u00c3O<\/a><\/li>\n<li><a href=\"http:\/\/oeirasdopara.pa.gov.br\/wp-content\/uploads\/2022\/02\/EDITAL-ESCOLA-JERONIMO-MILHOMEN.pdf-ASSINADO.pdf\">EDITAL ESCOLA JER\u00d4NIMO MILHOMEN.pdf-ASSINADO<\/a><\/li>\n<li><a href=\"http:\/\/oeirasdopara.pa.gov.br\/wp-content\/uploads\/2022\/02\/ESCOLA-JERONIMO-MILHOMEN-REFORMA-E-ADEQUACAO.xls\">ESCOLA JER\u00d4NIMO MILHOMEN REFORMA E ADEQUA\u00c7\u00c3O<\/a><\/li>\n<li><a href=\"http:\/\/oeirasdopara.pa.gov.br\/wp-content\/uploads\/2022\/02\/PLANILHA-COMPOSICAO-DE-CUSTOS-UNITARIOS-A-L-TENORIO-Proposta.xls\">PLANILHA COMPOSI\u00c7\u00c3O DE CUSTOS UNIT\u00c1RIOS &#8211; A L TEN\u00d3RIO Proposta<\/a><\/li>\n<li><a href=\"http:\/\/oeirasdopara.pa.gov.br\/wp-content\/uploads\/2022\/02\/PLANILHA-ORCAMENTARIA-Jeronimo-Milhomen-A-L-TENORIO-PROPOSTA.xls\">PLANILHA OR\u00c7AMENT\u00c1RIA Jer\u00f4nimo Milhomen &#8211; A L TEN\u00d3RIO PROPOSTA<\/a><\/li>\n<li><a href=\"http:\/\/oeirasdopara.pa.gov.br\/wp-content\/uploads\/2022\/02\/PROJETO-BASICO.pdf\">PROJETO BASICO<\/a><\/li>\n<li><a href=\"http:\/\/oeirasdopara.pa.gov.br\/wp-content\/uploads\/2022\/02\/PROPOSTA-COMERCIAL-FINAL-TOMADA-DE-PRECO-No-2.2021-00003.pdf\">PROPOSTA COMERCIAL FINAL &#8211; TOMADA DE PRE\u00c7O N\u00ba 2.2021-00003<\/a><\/li>\n<li><a href=\"http:\/\/oeirasdopara.pa.gov.br\/wp-content\/uploads\/2022\/02\/Publicacao-Edital.pdf\">Publica\u00e7\u00e3o Edital<\/a><\/li>\n<\/ul>\n","protected":false},"excerpt":{"rendered":"<p>OBJETO: CONTRATA\u00c7\u00c3O DE EMPRESA ESPECIALIZADA EM SERVI\u00c7OS DE ENGENHARIA PARA REFORMA E ADEQUA\u00c7\u00c3O DA ESCOLA M. E. F. JER\u00d4NIMO MILHOMEM TAVARES NA SEDE DO MUNIC\u00cdPIO DE OEIRAS DO PAR\u00c1, TODA EM ESTRUTURA EM CONCRETO ARMADO E FECHAMENTO EM ALVENARIA, CONSTIT\u00daDA COM 23 (VINTE E TR\u00caS) SALAS DE AULA, SECRETARIA, SALA DO PROINFO, SALA DOS PROFESSORES, [&hellip;]<\/p>\n","protected":false},"author":6,"featured_media":0,"comment_status":"closed","ping_status":"open","sticky":false,"template":"","format":"standard","meta":{"_seopress_robots_primary_cat":"","_seopress_titles_title":"","_seopress_titles_desc":"","_seopress_robots_index":"","footnotes":""},"categories":[69],"tags":[],"class_list":["post-6506","post","type-post","status-publish","format-standard","hentry","category-editais"],"_links":{"self":[{"href":"https:\/\/oeirasdopara.pa.gov.br\/novo\/wp-json\/wp\/v2\/posts\/6506","targetHints":{"allow":["GET"]}}],"collection":[{"href":"https:\/\/oeirasdopara.pa.gov.br\/novo\/wp-json\/wp\/v2\/posts"}],"about":[{"href":"https:\/\/oeirasdopara.pa.gov.br\/novo\/wp-json\/wp\/v2\/types\/post"}],"author":[{"embeddable":true,"href":"https:\/\/oeirasdopara.pa.gov.br\/novo\/wp-json\/wp\/v2\/users\/6"}],"replies":[{"embeddable":true,"href":"https:\/\/oeirasdopara.pa.gov.br\/novo\/wp-json\/wp\/v2\/comments?post=6506"}],"version-history":[{"count":1,"href":"https:\/\/oeirasdopara.pa.gov.br\/novo\/wp-json\/wp\/v2\/posts\/6506\/revisions"}],"predecessor-version":[{"id":6525,"href":"https:\/\/oeirasdopara.pa.gov.br\/novo\/wp-json\/wp\/v2\/posts\/6506\/revisions\/6525"}],"wp:attachment":[{"href":"https:\/\/oeirasdopara.pa.gov.br\/novo\/wp-json\/wp\/v2\/media?parent=6506"}],"wp:term":[{"taxonomy":"category","embeddable":true,"href":"https:\/\/oeirasdopara.pa.gov.br\/novo\/wp-json\/wp\/v2\/categories?post=6506"},{"taxonomy":"post_tag","embeddable":true,"href":"https:\/\/oeirasdopara.pa.gov.br\/novo\/wp-json\/wp\/v2\/tags?post=6506"}],"curies":[{"name":"wp","href":"https:\/\/api.w.org\/{rel}","templated":true}]}}