{"id":6497,"date":"2022-02-22T15:32:55","date_gmt":"2022-02-22T15:32:55","guid":{"rendered":"https:\/\/oeirasdopara.pa.gov.br\/?p=6497"},"modified":"2022-02-22T15:32:55","modified_gmt":"2022-02-22T15:32:55","slug":"pregao-eletronico-srp-no-9-2022-00002-cpl-pmop","status":"publish","type":"post","link":"https:\/\/oeirasdopara.pa.gov.br\/novo\/pregao-eletronico-srp-no-9-2022-00002-cpl-pmop\/","title":{"rendered":"PREG\u00c3O ELETR\u00d4NICO SRP N\u00ba 9\/2022-00002 &#8211; CPL\/PMOP"},"content":{"rendered":"<p>OBJETO: CONTRATA\u00c7\u00c3O DE EMPRESA FORNECEDORA DE G\u00caNEROS ALIMENT\u00cdCIOS PARA A MANUTEN\u00c7\u00c3O DO PROGRAMA DE ALIMENTA\u00c7\u00c3O ESCOLAR DA REDE P\u00daBLICA DE ENSINO (FUNDAMENTAL, PR\u00c9- ESCOLA, CRECHE, ENSINO M\u00c9DIO, EJA E QUILOMBOLA), EM ATENDIMENTO AS NECESSIDADES DA SECRETARIA MUNICIPAL DE EDUCA\u00c7\u00c3O, DEPARTAMENTO DE ALIMENTA\u00c7\u00c3O ESCOLAR- DAE DA PREFEITURA DE OEIRAS DO PAR\u00c1.<\/p>\n<ul>\n<li><a href=\"http:\/\/oeirasdopara.pa.gov.br\/wp-content\/uploads\/2022\/02\/EDITAL-25.pdf\">EDITAL <\/a><\/li>\n<li><a href=\"http:\/\/oeirasdopara.pa.gov.br\/wp-content\/uploads\/2022\/02\/JUSTIFICATIVA-24.pdf\">JUSTIFICATIVA <\/a><\/li>\n<li><a href=\"http:\/\/oeirasdopara.pa.gov.br\/wp-content\/uploads\/2022\/02\/MINUTA-DO-CONTRATO-14.pdf\">MINUTA DO CONTRATO <\/a><\/li>\n<li><a href=\"http:\/\/oeirasdopara.pa.gov.br\/wp-content\/uploads\/2022\/02\/PARECER-JURIDICO-15.pdf\">PARECER JURIDICO <\/a><\/li>\n<li><a href=\"http:\/\/oeirasdopara.pa.gov.br\/wp-content\/uploads\/2022\/02\/TERMO-DE-REFERENCIA-14.pdf\">TERMO DE REFER\u00caNCIA <\/a><\/li>\n<\/ul>\n","protected":false},"excerpt":{"rendered":"<p>OBJETO: CONTRATA\u00c7\u00c3O DE EMPRESA FORNECEDORA DE G\u00caNEROS ALIMENT\u00cdCIOS PARA A MANUTEN\u00c7\u00c3O DO PROGRAMA DE ALIMENTA\u00c7\u00c3O ESCOLAR DA REDE P\u00daBLICA DE ENSINO (FUNDAMENTAL, PR\u00c9- ESCOLA, CRECHE, ENSINO M\u00c9DIO, EJA E QUILOMBOLA), EM ATENDIMENTO AS NECESSIDADES DA SECRETARIA MUNICIPAL DE EDUCA\u00c7\u00c3O, DEPARTAMENTO DE ALIMENTA\u00c7\u00c3O ESCOLAR- DAE DA PREFEITURA DE OEIRAS DO PAR\u00c1. EDITAL JUSTIFICATIVA MINUTA DO CONTRATO [&hellip;]<\/p>\n","protected":false},"author":6,"featured_media":0,"comment_status":"closed","ping_status":"open","sticky":false,"template":"","format":"standard","meta":{"_seopress_robots_primary_cat":"","_seopress_titles_title":"","_seopress_titles_desc":"","_seopress_robots_index":"","footnotes":""},"categories":[69],"tags":[],"class_list":["post-6497","post","type-post","status-publish","format-standard","hentry","category-editais"],"_links":{"self":[{"href":"https:\/\/oeirasdopara.pa.gov.br\/novo\/wp-json\/wp\/v2\/posts\/6497","targetHints":{"allow":["GET"]}}],"collection":[{"href":"https:\/\/oeirasdopara.pa.gov.br\/novo\/wp-json\/wp\/v2\/posts"}],"about":[{"href":"https:\/\/oeirasdopara.pa.gov.br\/novo\/wp-json\/wp\/v2\/types\/post"}],"author":[{"embeddable":true,"href":"https:\/\/oeirasdopara.pa.gov.br\/novo\/wp-json\/wp\/v2\/users\/6"}],"replies":[{"embeddable":true,"href":"https:\/\/oeirasdopara.pa.gov.br\/novo\/wp-json\/wp\/v2\/comments?post=6497"}],"version-history":[{"count":1,"href":"https:\/\/oeirasdopara.pa.gov.br\/novo\/wp-json\/wp\/v2\/posts\/6497\/revisions"}],"predecessor-version":[{"id":6504,"href":"https:\/\/oeirasdopara.pa.gov.br\/novo\/wp-json\/wp\/v2\/posts\/6497\/revisions\/6504"}],"wp:attachment":[{"href":"https:\/\/oeirasdopara.pa.gov.br\/novo\/wp-json\/wp\/v2\/media?parent=6497"}],"wp:term":[{"taxonomy":"category","embeddable":true,"href":"https:\/\/oeirasdopara.pa.gov.br\/novo\/wp-json\/wp\/v2\/categories?post=6497"},{"taxonomy":"post_tag","embeddable":true,"href":"https:\/\/oeirasdopara.pa.gov.br\/novo\/wp-json\/wp\/v2\/tags?post=6497"}],"curies":[{"name":"wp","href":"https:\/\/api.w.org\/{rel}","templated":true}]}}