{"id":6467,"date":"2022-02-08T13:42:34","date_gmt":"2022-02-08T13:42:34","guid":{"rendered":"https:\/\/oeirasdopara.pa.gov.br\/?p=6467"},"modified":"2026-04-22T09:44:42","modified_gmt":"2026-04-22T12:44:42","slug":"pregao-eletronico-srp-no-9-2021-00025-cpl-pmop","status":"publish","type":"post","link":"https:\/\/oeirasdopara.pa.gov.br\/novo\/pregao-eletronico-srp-no-9-2021-00025-cpl-pmop\/","title":{"rendered":"PREG\u00c3O ELETR\u00d4NICO SRP N\u00ba 9\/2021-00025 &#8211; CPL\/PMOP"},"content":{"rendered":"<p>OBEJETO: CONTRATA\u00c7\u00c3O DE EMPRESA PARA A AQUISI\u00c7\u00c3O PARCELADA DE KIT GESTANTES, PARA ATENDER AS DEMANDAS DE GESTANTES CARENTES USU\u00c1RIAS DOS SERVI\u00c7OS E DOS PROGRAMAS ASSIST\u00caNCIA SOCIAL DO MUNIC\u00cdPIO DE OEIRAS DO PAR\u00c1\/P\u00c1, QUE ESTEJAM EM VULNERABILIDADE SOCIAL.<\/p>\n<ul>\n<li><a href=\"https:\/\/oeirasdopara.pa.gov.br\/novo\/wp-content\/uploads\/2022\/02\/TERMO-DE-REFERENCIA-26.pdf\">TERMO DE REFER\u00caNCIA <\/a><\/li>\n<li><a href=\"https:\/\/oeirasdopara.pa.gov.br\/novo\/wp-content\/uploads\/2022\/02\/PESQUISA-DE-MERCADO-8.pdf\">PESQUISA DE MERCADO<\/a><\/li>\n<li><a href=\"https:\/\/oeirasdopara.pa.gov.br\/novo\/wp-content\/uploads\/2022\/02\/PARECER-JURIDICO-2026-04-22T093606.531.pdf\">PARECER JURIDICO <\/a><\/li>\n<li><a href=\"https:\/\/oeirasdopara.pa.gov.br\/novo\/wp-content\/uploads\/2022\/02\/PARECER-CONTROLE-INTERNO-46.pdf\">PARECER CONTROLE INTERNO<\/a><\/li>\n<li><a href=\"https:\/\/oeirasdopara.pa.gov.br\/novo\/wp-content\/uploads\/2022\/02\/MAPA-COMPARATIVO-78.pdf\">MAPA COMPARATIVO<\/a><\/li>\n<li><a href=\"https:\/\/oeirasdopara.pa.gov.br\/novo\/wp-content\/uploads\/2022\/02\/MINUTA-DO-CONTRATO.pdf\">MINUTA DO CONTRATO<\/a><\/li>\n<li><a href=\"https:\/\/oeirasdopara.pa.gov.br\/novo\/wp-content\/uploads\/2022\/02\/JUSTIFICATIVA-18.pdf\">JUSTIFICATIVA<\/a><\/li>\n<li><a href=\"https:\/\/oeirasdopara.pa.gov.br\/novo\/wp-content\/uploads\/2022\/02\/EDITAL-99.pdf\">EDITAL <\/a><\/li>\n<li><a href=\"https:\/\/oeirasdopara.pa.gov.br\/novo\/wp-content\/uploads\/2022\/02\/ATOS-DE-HOMOLOGACAO.pdf\">ATOS DE HOMOLOGA\u00c7\u00c3O<\/a><\/li>\n<li><a href=\"https:\/\/oeirasdopara.pa.gov.br\/novo\/wp-content\/uploads\/2022\/02\/ATOS-DE-ADJUDICACAO.pdf\">ATOS DE ADJUDICA\u00c7\u00c3O<\/a><\/li>\n<li><a href=\"https:\/\/oeirasdopara.pa.gov.br\/novo\/wp-content\/uploads\/2022\/02\/ATAS-DAS-SESSOES-DE-JULGAMENTO.pdf\">ATAS DAS SESS\u00d5ES DE JULGAMENTO<\/a><\/li>\n<li><a href=\"https:\/\/oeirasdopara.pa.gov.br\/novo\/wp-content\/uploads\/2022\/02\/ATAS-DAS-SESSOES-DE-ABERTURA.pdf\">ATAS DAS SESS\u00d5ES DE ABERTURA<\/a><\/li>\n<li><a href=\"https:\/\/oeirasdopara.pa.gov.br\/novo\/wp-content\/uploads\/2022\/02\/ATA-DE-REGISTRO-DE-PRECO-5.pdf\">ATA DE REGISTRO DE PRE\u00c7O<\/a><\/li>\n<\/ul>\n<p>CONTRATOS:<\/p>\n<ul>\n<li><a href=\"https:\/\/oeirasdopara.pa.gov.br\/novo\/wp-content\/uploads\/2022\/02\/CONTRATO-N-20220229.pdf\">CONTRATO N 20220229<\/a><\/li>\n<li><a href=\"https:\/\/oeirasdopara.pa.gov.br\/novo\/wp-content\/uploads\/2022\/02\/CONTRATO-N-20220230.pdf\">CONTRATO N 20220230<\/a><\/li>\n<\/ul>\n","protected":false},"excerpt":{"rendered":"<p>OBEJETO: CONTRATA\u00c7\u00c3O DE EMPRESA PARA A AQUISI\u00c7\u00c3O PARCELADA DE KIT GESTANTES, PARA ATENDER AS DEMANDAS DE GESTANTES CARENTES USU\u00c1RIAS DOS SERVI\u00c7OS E DOS PROGRAMAS ASSIST\u00caNCIA SOCIAL DO MUNIC\u00cdPIO DE OEIRAS DO PAR\u00c1\/P\u00c1, QUE ESTEJAM EM VULNERABILIDADE SOCIAL. TERMO DE REFER\u00caNCIA PESQUISA DE MERCADO PARECER JURIDICO PARECER CONTROLE INTERNO MAPA COMPARATIVO MINUTA DO CONTRATO JUSTIFICATIVA EDITAL [&hellip;]<\/p>\n","protected":false},"author":6,"featured_media":0,"comment_status":"closed","ping_status":"open","sticky":false,"template":"","format":"standard","meta":{"_seopress_robots_primary_cat":"none","_seopress_titles_title":"","_seopress_titles_desc":"","_seopress_robots_index":"","footnotes":""},"categories":[69],"tags":[],"class_list":["post-6467","post","type-post","status-publish","format-standard","hentry","category-editais"],"_links":{"self":[{"href":"https:\/\/oeirasdopara.pa.gov.br\/novo\/wp-json\/wp\/v2\/posts\/6467","targetHints":{"allow":["GET"]}}],"collection":[{"href":"https:\/\/oeirasdopara.pa.gov.br\/novo\/wp-json\/wp\/v2\/posts"}],"about":[{"href":"https:\/\/oeirasdopara.pa.gov.br\/novo\/wp-json\/wp\/v2\/types\/post"}],"author":[{"embeddable":true,"href":"https:\/\/oeirasdopara.pa.gov.br\/novo\/wp-json\/wp\/v2\/users\/6"}],"replies":[{"embeddable":true,"href":"https:\/\/oeirasdopara.pa.gov.br\/novo\/wp-json\/wp\/v2\/comments?post=6467"}],"version-history":[{"count":3,"href":"https:\/\/oeirasdopara.pa.gov.br\/novo\/wp-json\/wp\/v2\/posts\/6467\/revisions"}],"predecessor-version":[{"id":13996,"href":"https:\/\/oeirasdopara.pa.gov.br\/novo\/wp-json\/wp\/v2\/posts\/6467\/revisions\/13996"}],"wp:attachment":[{"href":"https:\/\/oeirasdopara.pa.gov.br\/novo\/wp-json\/wp\/v2\/media?parent=6467"}],"wp:term":[{"taxonomy":"category","embeddable":true,"href":"https:\/\/oeirasdopara.pa.gov.br\/novo\/wp-json\/wp\/v2\/categories?post=6467"},{"taxonomy":"post_tag","embeddable":true,"href":"https:\/\/oeirasdopara.pa.gov.br\/novo\/wp-json\/wp\/v2\/tags?post=6467"}],"curies":[{"name":"wp","href":"https:\/\/api.w.org\/{rel}","templated":true}]}}