{"id":6361,"date":"2022-01-25T13:30:04","date_gmt":"2022-01-25T13:30:04","guid":{"rendered":"https:\/\/oeirasdopara.pa.gov.br\/?p=6361"},"modified":"2026-04-22T10:07:41","modified_gmt":"2026-04-22T13:07:41","slug":"pregao-eletronico-no-9-2021-00026-cpl-pmop","status":"publish","type":"post","link":"https:\/\/oeirasdopara.pa.gov.br\/novo\/pregao-eletronico-no-9-2021-00026-cpl-pmop\/","title":{"rendered":"PREG\u00c3O ELETR\u00d4NICO N\u00ba 9\/2021-00026 &#8211; CPL\/PMOP"},"content":{"rendered":"<p>OBJETO: AQUISI\u00c7\u00c3O DE UM RAIO X DIGITAL PARA O HOSPITAL DE PEQUENO PORTE NO MUNIC\u00cdPIO DE OEIRAS DO PAR\u00c1, ORIUNDOS DA PORTARIA DO MINIST\u00c9RIO DA SA\u00daDE GM\/MS N\u00ba DA PROPOSTA: 12527.516000\/1210-01.<\/p>\n<ul>\n<li><a href=\"https:\/\/oeirasdopara.pa.gov.br\/novo\/wp-content\/uploads\/2022\/01\/TERMO-DE-REFERENCIA-27-1.pdf\">TERMO DE REFER\u00caNCIA<\/a><\/li>\n<li><a href=\"https:\/\/oeirasdopara.pa.gov.br\/novo\/wp-content\/uploads\/2022\/01\/PESQUISA-DE-MERCADO-9-2.pdf\">PESQUISA DE MERCADO<\/a><\/li>\n<li><a href=\"https:\/\/oeirasdopara.pa.gov.br\/novo\/wp-content\/uploads\/2022\/01\/PARECER-JURIDICO-2026-04-22T094820.137-1.pdf\">PARECER JURIDICO<\/a><\/li>\n<li><a href=\"https:\/\/oeirasdopara.pa.gov.br\/novo\/wp-content\/uploads\/2022\/01\/PARECER-CONTROLE-INTERNO-47-1.pdf\">PARECER CONTROLE INTERNO<\/a><\/li>\n<li><a href=\"https:\/\/oeirasdopara.pa.gov.br\/novo\/wp-content\/uploads\/2022\/01\/JUSTIFICATIVA-19-1.pdf\">JUSTIFICATIVA<\/a><\/li>\n<li><a href=\"https:\/\/oeirasdopara.pa.gov.br\/novo\/wp-content\/uploads\/2022\/01\/MAPA-COMPARATIVO-79-1.pdf\">MAPA COMPARATIVO<\/a><\/li>\n<li><a href=\"https:\/\/oeirasdopara.pa.gov.br\/novo\/wp-content\/uploads\/2022\/01\/MINUTA-DO-CONTRATO-1-1.pdf\">MINUTA DO CONTRATO<\/a><\/li>\n<li><a href=\"https:\/\/oeirasdopara.pa.gov.br\/novo\/wp-content\/uploads\/2022\/01\/EDITAL-100-1.pdf\">EDITAL <\/a><\/li>\n<li><a href=\"https:\/\/oeirasdopara.pa.gov.br\/novo\/wp-content\/uploads\/2022\/01\/ATOS-DE-HOMOLOGACAO-1-1.pdf\">ATOS DE HOMOLOGA\u00c7\u00c3O<\/a><\/li>\n<li><a href=\"https:\/\/oeirasdopara.pa.gov.br\/novo\/wp-content\/uploads\/2022\/01\/ATAS-DAS-SESSOES-DE-JULGAMENTO-1-1.pdf\">ATAS DAS SESS\u00d5ES DE JULGAMENTO<\/a><\/li>\n<li><a href=\"https:\/\/oeirasdopara.pa.gov.br\/novo\/wp-content\/uploads\/2022\/01\/ATOS-DE-ADJUDICACAO-1-1.pdf\">ATOS DE ADJUDICA\u00c7\u00c3O<\/a><\/li>\n<li><a href=\"https:\/\/oeirasdopara.pa.gov.br\/novo\/wp-content\/uploads\/2022\/01\/ATAS-DAS-SESSOES-DE-ABERTURA-1-1.pdf\">ATAS DAS SESS\u00d5ES DE ABERTURA<\/a><\/li>\n<\/ul>\n<p>CONTRATOS:<\/p>\n<ul>\n<li><a href=\"https:\/\/oeirasdopara.pa.gov.br\/novo\/wp-content\/uploads\/2022\/01\/CONTRATO-N-20220207-1.pdf\">CONTRATO N 20220207<\/a><\/li>\n<\/ul>\n","protected":false},"excerpt":{"rendered":"<p>OBJETO: AQUISI\u00c7\u00c3O DE UM RAIO X DIGITAL PARA O HOSPITAL DE PEQUENO PORTE NO MUNIC\u00cdPIO DE OEIRAS DO PAR\u00c1, ORIUNDOS DA PORTARIA DO MINIST\u00c9RIO DA SA\u00daDE GM\/MS N\u00ba DA PROPOSTA: 12527.516000\/1210-01. TERMO DE REFER\u00caNCIA PESQUISA DE MERCADO PARECER JURIDICO PARECER CONTROLE INTERNO JUSTIFICATIVA MAPA COMPARATIVO MINUTA DO CONTRATO EDITAL ATOS DE HOMOLOGA\u00c7\u00c3O ATAS DAS SESS\u00d5ES [&hellip;]<\/p>\n","protected":false},"author":6,"featured_media":0,"comment_status":"closed","ping_status":"open","sticky":false,"template":"","format":"standard","meta":{"_seopress_robots_primary_cat":"none","_seopress_titles_title":"","_seopress_titles_desc":"","_seopress_robots_index":"","footnotes":""},"categories":[69],"tags":[],"class_list":["post-6361","post","type-post","status-publish","format-standard","hentry","category-editais"],"_links":{"self":[{"href":"https:\/\/oeirasdopara.pa.gov.br\/novo\/wp-json\/wp\/v2\/posts\/6361","targetHints":{"allow":["GET"]}}],"collection":[{"href":"https:\/\/oeirasdopara.pa.gov.br\/novo\/wp-json\/wp\/v2\/posts"}],"about":[{"href":"https:\/\/oeirasdopara.pa.gov.br\/novo\/wp-json\/wp\/v2\/types\/post"}],"author":[{"embeddable":true,"href":"https:\/\/oeirasdopara.pa.gov.br\/novo\/wp-json\/wp\/v2\/users\/6"}],"replies":[{"embeddable":true,"href":"https:\/\/oeirasdopara.pa.gov.br\/novo\/wp-json\/wp\/v2\/comments?post=6361"}],"version-history":[{"count":3,"href":"https:\/\/oeirasdopara.pa.gov.br\/novo\/wp-json\/wp\/v2\/posts\/6361\/revisions"}],"predecessor-version":[{"id":14024,"href":"https:\/\/oeirasdopara.pa.gov.br\/novo\/wp-json\/wp\/v2\/posts\/6361\/revisions\/14024"}],"wp:attachment":[{"href":"https:\/\/oeirasdopara.pa.gov.br\/novo\/wp-json\/wp\/v2\/media?parent=6361"}],"wp:term":[{"taxonomy":"category","embeddable":true,"href":"https:\/\/oeirasdopara.pa.gov.br\/novo\/wp-json\/wp\/v2\/categories?post=6361"},{"taxonomy":"post_tag","embeddable":true,"href":"https:\/\/oeirasdopara.pa.gov.br\/novo\/wp-json\/wp\/v2\/tags?post=6361"}],"curies":[{"name":"wp","href":"https:\/\/api.w.org\/{rel}","templated":true}]}}