{"id":6348,"date":"2022-01-25T13:20:12","date_gmt":"2022-01-25T13:20:12","guid":{"rendered":"https:\/\/oeirasdopara.pa.gov.br\/?p=6348"},"modified":"2026-04-22T10:12:55","modified_gmt":"2026-04-22T13:12:55","slug":"convite-no-1-2021-00006","status":"publish","type":"post","link":"https:\/\/oeirasdopara.pa.gov.br\/novo\/convite-no-1-2021-00006\/","title":{"rendered":"CONVITE N\u00ba 1\/2021-00006"},"content":{"rendered":"<p>OBJETO: CONTRATA\u00c7\u00c3O DE PESSOA F\u00cdSICA PROFISSIONAL CONT\u00c1BIL, VISANDO A PRESTA\u00c7\u00c3O DE SERVI\u00c7OS T\u00c9CNICOS ESPECIALIZADOS PARA O SETOR DE CONTROLE INTERNO MUNICIPAL NO INTUITO DE RESGUARDAR E ASSEGURAR O PATRIM\u00d4NIO P\u00daBLICO DO MUNIC\u00cdPIO DE OEIRAS DO PAR\u00c1, ZELANDO PELO CUMPRIMENTO DOS PRINC\u00cdPIOS CONSTITUCIONAIS QUE NORTEIAM A ADMINISTRA\u00c7\u00c3O P\u00daBLICA PARA O BOM DESENVOLVIMENTO E PROBIDADE DA ADMINISTRA\u00c7\u00c3O DO MUNIC\u00cdPIO.<\/p>\n<ul>\n<li><a href=\"http:\/\/oeirasdopara.pa.gov.br\/wp-content\/uploads\/2022\/01\/ATA-DAS-SESSOES-DE-ABERTURA-2.pdf\">ATA DAS SESS\u00d5ES DE ABERTURA <\/a><\/li>\n<li><a href=\"http:\/\/oeirasdopara.pa.gov.br\/wp-content\/uploads\/2022\/01\/ATA-DAS-SESSOES-DE-JULGAMENTO-2.pdf\">ATA DAS SESS\u00d5ES DE JULGAMENTO <\/a><\/li>\n<li><a href=\"http:\/\/oeirasdopara.pa.gov.br\/wp-content\/uploads\/2022\/01\/ATOS-DE-ADJUDICACAO-2.pdf\">ATOS DE ADJUDICA\u00c7\u00c3O<\/a><\/li>\n<li><a href=\"http:\/\/oeirasdopara.pa.gov.br\/wp-content\/uploads\/2022\/01\/ATOS-DE-HOMOLOGACAO-2.pdf\">ATOS DE HOMOLOGA\u00c7\u00c3O <\/a><\/li>\n<li><a href=\"http:\/\/oeirasdopara.pa.gov.br\/wp-content\/uploads\/2022\/01\/CARTA-CONVITE.pdf\">CARTA CONVITE<\/a><\/li>\n<li><a href=\"http:\/\/oeirasdopara.pa.gov.br\/wp-content\/uploads\/2022\/01\/JUSTIFICATIVA-21.pdf\">JUSTIFICATIVA<\/a><\/li>\n<li><a href=\"http:\/\/oeirasdopara.pa.gov.br\/wp-content\/uploads\/2022\/01\/MAPA-COMPARATIVO-12.pdf\">MAPA COMPARATIVO <\/a><\/li>\n<li><a href=\"http:\/\/oeirasdopara.pa.gov.br\/wp-content\/uploads\/2022\/01\/MINUTA-DO-CONTRATO-11.pdf\">MINUTA DO CONTRATO <\/a><\/li>\n<li><a href=\"http:\/\/oeirasdopara.pa.gov.br\/wp-content\/uploads\/2022\/01\/PARECER-CONTROLE-INTERNO-7.pdf\">PARECER CONTROLE INTERNO<\/a><\/li>\n<li><a href=\"http:\/\/oeirasdopara.pa.gov.br\/wp-content\/uploads\/2022\/01\/PARECER-JURIDICO-12.pdf\">PARECER JURIDICO<\/a><\/li>\n<li><a href=\"http:\/\/oeirasdopara.pa.gov.br\/wp-content\/uploads\/2022\/01\/PESQUISA-DE-MERCADO-10.pdf\">PESQUISA DE MERCADO<\/a><\/li>\n<\/ul>\n<p>CONTRATOS:<\/p>\n<ul>\n<li><a href=\"https:\/\/oeirasdopara.pa.gov.br\/novo\/wp-content\/uploads\/2022\/01\/CONTRATO-N-20211174.pdf\">CONTRATO N 20211174<\/a><\/li>\n<\/ul>\n","protected":false},"excerpt":{"rendered":"<p>OBJETO: CONTRATA\u00c7\u00c3O DE PESSOA F\u00cdSICA PROFISSIONAL CONT\u00c1BIL, VISANDO A PRESTA\u00c7\u00c3O DE SERVI\u00c7OS T\u00c9CNICOS ESPECIALIZADOS PARA O SETOR DE CONTROLE INTERNO MUNICIPAL NO INTUITO DE RESGUARDAR E ASSEGURAR O PATRIM\u00d4NIO P\u00daBLICO DO MUNIC\u00cdPIO DE OEIRAS DO PAR\u00c1, ZELANDO PELO CUMPRIMENTO DOS PRINC\u00cdPIOS CONSTITUCIONAIS QUE NORTEIAM A ADMINISTRA\u00c7\u00c3O P\u00daBLICA PARA O BOM DESENVOLVIMENTO E PROBIDADE DA ADMINISTRA\u00c7\u00c3O [&hellip;]<\/p>\n","protected":false},"author":6,"featured_media":0,"comment_status":"closed","ping_status":"open","sticky":false,"template":"","format":"standard","meta":{"_seopress_robots_primary_cat":"none","_seopress_titles_title":"","_seopress_titles_desc":"","_seopress_robots_index":"","footnotes":""},"categories":[69],"tags":[],"class_list":["post-6348","post","type-post","status-publish","format-standard","hentry","category-editais"],"_links":{"self":[{"href":"https:\/\/oeirasdopara.pa.gov.br\/novo\/wp-json\/wp\/v2\/posts\/6348","targetHints":{"allow":["GET"]}}],"collection":[{"href":"https:\/\/oeirasdopara.pa.gov.br\/novo\/wp-json\/wp\/v2\/posts"}],"about":[{"href":"https:\/\/oeirasdopara.pa.gov.br\/novo\/wp-json\/wp\/v2\/types\/post"}],"author":[{"embeddable":true,"href":"https:\/\/oeirasdopara.pa.gov.br\/novo\/wp-json\/wp\/v2\/users\/6"}],"replies":[{"embeddable":true,"href":"https:\/\/oeirasdopara.pa.gov.br\/novo\/wp-json\/wp\/v2\/comments?post=6348"}],"version-history":[{"count":2,"href":"https:\/\/oeirasdopara.pa.gov.br\/novo\/wp-json\/wp\/v2\/posts\/6348\/revisions"}],"predecessor-version":[{"id":14026,"href":"https:\/\/oeirasdopara.pa.gov.br\/novo\/wp-json\/wp\/v2\/posts\/6348\/revisions\/14026"}],"wp:attachment":[{"href":"https:\/\/oeirasdopara.pa.gov.br\/novo\/wp-json\/wp\/v2\/media?parent=6348"}],"wp:term":[{"taxonomy":"category","embeddable":true,"href":"https:\/\/oeirasdopara.pa.gov.br\/novo\/wp-json\/wp\/v2\/categories?post=6348"},{"taxonomy":"post_tag","embeddable":true,"href":"https:\/\/oeirasdopara.pa.gov.br\/novo\/wp-json\/wp\/v2\/tags?post=6348"}],"curies":[{"name":"wp","href":"https:\/\/api.w.org\/{rel}","templated":true}]}}