{"id":6310,"date":"2022-01-20T12:06:18","date_gmt":"2022-01-20T12:06:18","guid":{"rendered":"https:\/\/oeirasdopara.pa.gov.br\/?p=6310"},"modified":"2022-01-24T19:35:07","modified_gmt":"2022-01-24T19:35:07","slug":"tomada-de-preco-n-2-2022-00001-cpl-pmop","status":"publish","type":"post","link":"https:\/\/oeirasdopara.pa.gov.br\/novo\/tomada-de-preco-n-2-2022-00001-cpl-pmop\/","title":{"rendered":"TOMADA DE PRE\u00c7O N\u00b0 2\/2022-00001-CPL\/PMOP"},"content":{"rendered":"<p>OBJETO: CONTRATA\u00c7\u00c3O DE EMPRESA ESPECIALIZADA EM REFORMA E ADEQUA\u00c7\u00c3O DA EMEF PROF. THEREZINHA DE MORAES GUEIROS NA SEDE DO MUNICIPIO DE OEIRAS DO PAR\u00c1, TODA EM ESTRUTURA EM CONCRETO ARMADO E FECHAMENTO EM ALVENARIA, CONSTITU\u00cdDA COM 18 (DEZOITO) SALAS DE AULA, SECRETARIA, SALA DO PROINFO, SALA DOS PRPFESSORES, SALA DA COORDENA\u00c7\u00c3O PEDAG\u00d3GICA, SALA DE LEITURA , CIRCULA\u00c7\u00d5ES, BANHEIROS COLETIVOS, COZINHA, DEP\u00d3SITO, REFEIT\u00d3RIO E ALMOXARIFADO.<\/p>\n<ul>\n<li><\/li>\n<\/ul>\n<p>&nbsp;<\/p>\n","protected":false},"excerpt":{"rendered":"<p>OBJETO: CONTRATA\u00c7\u00c3O DE EMPRESA ESPECIALIZADA EM REFORMA E ADEQUA\u00c7\u00c3O DA EMEF PROF. THEREZINHA DE MORAES GUEIROS NA SEDE DO MUNICIPIO DE OEIRAS DO PAR\u00c1, TODA EM ESTRUTURA EM CONCRETO ARMADO E FECHAMENTO EM ALVENARIA, CONSTITU\u00cdDA COM 18 (DEZOITO) SALAS DE AULA, SECRETARIA, SALA DO PROINFO, SALA DOS PRPFESSORES, SALA DA COORDENA\u00c7\u00c3O PEDAG\u00d3GICA, SALA DE LEITURA [&hellip;]<\/p>\n","protected":false},"author":6,"featured_media":0,"comment_status":"closed","ping_status":"open","sticky":false,"template":"","format":"standard","meta":{"_seopress_robots_primary_cat":"","_seopress_titles_title":"","_seopress_titles_desc":"","_seopress_robots_index":"","footnotes":""},"categories":[69],"tags":[],"class_list":["post-6310","post","type-post","status-publish","format-standard","hentry","category-editais"],"_links":{"self":[{"href":"https:\/\/oeirasdopara.pa.gov.br\/novo\/wp-json\/wp\/v2\/posts\/6310","targetHints":{"allow":["GET"]}}],"collection":[{"href":"https:\/\/oeirasdopara.pa.gov.br\/novo\/wp-json\/wp\/v2\/posts"}],"about":[{"href":"https:\/\/oeirasdopara.pa.gov.br\/novo\/wp-json\/wp\/v2\/types\/post"}],"author":[{"embeddable":true,"href":"https:\/\/oeirasdopara.pa.gov.br\/novo\/wp-json\/wp\/v2\/users\/6"}],"replies":[{"embeddable":true,"href":"https:\/\/oeirasdopara.pa.gov.br\/novo\/wp-json\/wp\/v2\/comments?post=6310"}],"version-history":[{"count":4,"href":"https:\/\/oeirasdopara.pa.gov.br\/novo\/wp-json\/wp\/v2\/posts\/6310\/revisions"}],"predecessor-version":[{"id":6343,"href":"https:\/\/oeirasdopara.pa.gov.br\/novo\/wp-json\/wp\/v2\/posts\/6310\/revisions\/6343"}],"wp:attachment":[{"href":"https:\/\/oeirasdopara.pa.gov.br\/novo\/wp-json\/wp\/v2\/media?parent=6310"}],"wp:term":[{"taxonomy":"category","embeddable":true,"href":"https:\/\/oeirasdopara.pa.gov.br\/novo\/wp-json\/wp\/v2\/categories?post=6310"},{"taxonomy":"post_tag","embeddable":true,"href":"https:\/\/oeirasdopara.pa.gov.br\/novo\/wp-json\/wp\/v2\/tags?post=6310"}],"curies":[{"name":"wp","href":"https:\/\/api.w.org\/{rel}","templated":true}]}}