{"id":6243,"date":"2022-01-10T14:05:03","date_gmt":"2022-01-10T14:05:03","guid":{"rendered":"https:\/\/oeirasdopara.pa.gov.br\/?p=6243"},"modified":"2022-01-10T14:06:14","modified_gmt":"2022-01-10T14:06:14","slug":"tomada-de-preco-no-02-2021-0004-cpl-pmop","status":"publish","type":"post","link":"https:\/\/oeirasdopara.pa.gov.br\/novo\/tomada-de-preco-no-02-2021-0004-cpl-pmop\/","title":{"rendered":"TOMADA DE PRE\u00c7O N\u00ba 02\/2021-0004-CPL\/PMOP"},"content":{"rendered":"<p>OBJETO: CONTRATA\u00c7\u00c3O DE EMPRESA ESPECIALIZADA EM CONSTRU\u00c7\u00c3O DE 20(VINTE) M\u00d3DULOS DE MELHORIAS SANIT\u00c1RIAS DOMICILIARES(MSD) A SER EXECUTADO NO BAIRRO DO MARAPIRA NO MUNICIPIO DE OEIRAS DO PAR\u00c1, ATRAV\u00c9S DO CONV\u00caNIO COM A FUNASA.<\/p>\n<ul>\n<li><a href=\"http:\/\/oeirasdopara.pa.gov.br\/wp-content\/uploads\/2022\/01\/EDITAL-funasa.pdf\">EDITAL <\/a><\/li>\n<li><a href=\"http:\/\/oeirasdopara.pa.gov.br\/wp-content\/uploads\/2022\/01\/projeto-basico_000115.pdf\">Projeto<\/a><\/li>\n<\/ul>\n","protected":false},"excerpt":{"rendered":"<p>OBJETO: CONTRATA\u00c7\u00c3O DE EMPRESA ESPECIALIZADA EM CONSTRU\u00c7\u00c3O DE 20(VINTE) M\u00d3DULOS DE MELHORIAS SANIT\u00c1RIAS DOMICILIARES(MSD) A SER EXECUTADO NO BAIRRO DO MARAPIRA NO MUNICIPIO DE OEIRAS DO PAR\u00c1, ATRAV\u00c9S DO CONV\u00caNIO COM A FUNASA. EDITAL Projeto<\/p>\n","protected":false},"author":6,"featured_media":0,"comment_status":"closed","ping_status":"open","sticky":false,"template":"","format":"standard","meta":{"_seopress_robots_primary_cat":"","_seopress_titles_title":"","_seopress_titles_desc":"","_seopress_robots_index":"","footnotes":""},"categories":[69],"tags":[],"class_list":["post-6243","post","type-post","status-publish","format-standard","hentry","category-editais"],"_links":{"self":[{"href":"https:\/\/oeirasdopara.pa.gov.br\/novo\/wp-json\/wp\/v2\/posts\/6243","targetHints":{"allow":["GET"]}}],"collection":[{"href":"https:\/\/oeirasdopara.pa.gov.br\/novo\/wp-json\/wp\/v2\/posts"}],"about":[{"href":"https:\/\/oeirasdopara.pa.gov.br\/novo\/wp-json\/wp\/v2\/types\/post"}],"author":[{"embeddable":true,"href":"https:\/\/oeirasdopara.pa.gov.br\/novo\/wp-json\/wp\/v2\/users\/6"}],"replies":[{"embeddable":true,"href":"https:\/\/oeirasdopara.pa.gov.br\/novo\/wp-json\/wp\/v2\/comments?post=6243"}],"version-history":[{"count":1,"href":"https:\/\/oeirasdopara.pa.gov.br\/novo\/wp-json\/wp\/v2\/posts\/6243\/revisions"}],"predecessor-version":[{"id":6246,"href":"https:\/\/oeirasdopara.pa.gov.br\/novo\/wp-json\/wp\/v2\/posts\/6243\/revisions\/6246"}],"wp:attachment":[{"href":"https:\/\/oeirasdopara.pa.gov.br\/novo\/wp-json\/wp\/v2\/media?parent=6243"}],"wp:term":[{"taxonomy":"category","embeddable":true,"href":"https:\/\/oeirasdopara.pa.gov.br\/novo\/wp-json\/wp\/v2\/categories?post=6243"},{"taxonomy":"post_tag","embeddable":true,"href":"https:\/\/oeirasdopara.pa.gov.br\/novo\/wp-json\/wp\/v2\/tags?post=6243"}],"curies":[{"name":"wp","href":"https:\/\/api.w.org\/{rel}","templated":true}]}}