{"id":6215,"date":"2022-01-06T12:37:20","date_gmt":"2022-01-06T12:37:20","guid":{"rendered":"https:\/\/oeirasdopara.pa.gov.br\/?p=6215"},"modified":"2022-01-26T15:49:56","modified_gmt":"2022-01-26T15:49:56","slug":"tomada-de-preco-no-02-2021-0002-cpl-pmop","status":"publish","type":"post","link":"https:\/\/oeirasdopara.pa.gov.br\/novo\/tomada-de-preco-no-02-2021-0002-cpl-pmop\/","title":{"rendered":"TOMADA DE PRE\u00c7O N\u00ba 02\/2021-0002-CPL\/PMOP CANCELADO"},"content":{"rendered":"<p><strong>AVISO DE CANCELAMENTO<\/strong><br \/>\n<strong>TOMADA DE PRE\u00c7O N\u00ba 02\/2021-00002-CPL\/PMOP<\/strong><br \/>\nA Prefeitura Municipal de Oeiras do Par\u00e1, informa a Cancelamento da Tomada de Pre\u00e7o n\u00ba 2\/2021-00002 \u2013 CPL\/PMOP, marcado para o dia 26\/01\/2022, com in\u00edcio \u00e0s 09:00h, no endere\u00e7o \u201csala da comiss\u00e3o permanente de licita\u00e7\u00e3o no pr\u00e9dio da prefeitura municipal\u201d, que tem como objeto a Contrata\u00e7\u00e3o de empresa especializada para constru\u00e7\u00e3o de pavimenta\u00e7\u00e3o em concreto Inter travado com a rede de drenagem superficial, acessibilidade e sinaliza\u00e7\u00e3o 6.168 m\u00b2. Rua Carlos Santana, Rua Floracy Ribeiro, Rua Jo\u00e3o XXIII trecho da feira, Rua Jo\u00e3o XXIII trecho apartir da Trav. Santa Terezinha, Rua Nova I, Rua XV de Novembro. Motivo: em raz\u00e3o de impossibilidade de contrata\u00e7\u00e3o, por restri\u00e7\u00f5es cadastrais do proponente junto ao CAUC. A nova data de abertura ser\u00e1 divulgada na forma da Lei.<\/p>\n<p>Edinalva dos Santos Diniz<br \/>\nPresidente da CPL<\/p>\n<p>OBJETO: CONTRATA\u00c7\u00c3O DE EMPRESA ESPECIALIZADA PARA CONSTRU\u00c7\u00c3O DE PAVIMENTA\u00c7\u00c3O EM CONCRETO INTERTRAVADO COM A REDE DE DRENAGEM SUPERFICIAL, ACESSIBILIDADE E SINALIZA\u00c7\u00c3O 6.168 m\u00b2. RUA CARLOS SANTANA, RUA FLORACY RIBEIRO, RUA JO\u00c3O XXIII TRECHO DA FEIRA, RUA JO\u00c3O XXIII TRECHO APARTIR DA TRAV. SANTA TEREZINHA, RUA NOVA I, RUA XV DE NOVEMBRO.<\/p>\n<ul>\n<li><a href=\"http:\/\/oeirasdopara.pa.gov.br\/wp-content\/uploads\/2022\/01\/EDITAL-PAVIMENTAA\u0303_A\u0303_O.pdf\">EDITAL <\/a><\/li>\n<li><a href=\"http:\/\/oeirasdopara.pa.gov.br\/wp-content\/uploads\/2022\/01\/projeto-basico_000113.pdf\">Projeto<\/a><\/li>\n<\/ul>\n","protected":false},"excerpt":{"rendered":"<p>AVISO DE CANCELAMENTO TOMADA DE PRE\u00c7O N\u00ba 02\/2021-00002-CPL\/PMOP A Prefeitura Municipal de Oeiras do Par\u00e1, informa a Cancelamento da Tomada de Pre\u00e7o n\u00ba 2\/2021-00002 \u2013 CPL\/PMOP, marcado para o dia 26\/01\/2022, com in\u00edcio \u00e0s 09:00h, no endere\u00e7o \u201csala da comiss\u00e3o permanente de licita\u00e7\u00e3o no pr\u00e9dio da prefeitura municipal\u201d, que tem como objeto a Contrata\u00e7\u00e3o de [&hellip;]<\/p>\n","protected":false},"author":6,"featured_media":0,"comment_status":"closed","ping_status":"open","sticky":false,"template":"","format":"standard","meta":{"_seopress_robots_primary_cat":"","_seopress_titles_title":"","_seopress_titles_desc":"","_seopress_robots_index":"","footnotes":""},"categories":[69],"tags":[],"class_list":["post-6215","post","type-post","status-publish","format-standard","hentry","category-editais"],"_links":{"self":[{"href":"https:\/\/oeirasdopara.pa.gov.br\/novo\/wp-json\/wp\/v2\/posts\/6215","targetHints":{"allow":["GET"]}}],"collection":[{"href":"https:\/\/oeirasdopara.pa.gov.br\/novo\/wp-json\/wp\/v2\/posts"}],"about":[{"href":"https:\/\/oeirasdopara.pa.gov.br\/novo\/wp-json\/wp\/v2\/types\/post"}],"author":[{"embeddable":true,"href":"https:\/\/oeirasdopara.pa.gov.br\/novo\/wp-json\/wp\/v2\/users\/6"}],"replies":[{"embeddable":true,"href":"https:\/\/oeirasdopara.pa.gov.br\/novo\/wp-json\/wp\/v2\/comments?post=6215"}],"version-history":[{"count":6,"href":"https:\/\/oeirasdopara.pa.gov.br\/novo\/wp-json\/wp\/v2\/posts\/6215\/revisions"}],"predecessor-version":[{"id":6394,"href":"https:\/\/oeirasdopara.pa.gov.br\/novo\/wp-json\/wp\/v2\/posts\/6215\/revisions\/6394"}],"wp:attachment":[{"href":"https:\/\/oeirasdopara.pa.gov.br\/novo\/wp-json\/wp\/v2\/media?parent=6215"}],"wp:term":[{"taxonomy":"category","embeddable":true,"href":"https:\/\/oeirasdopara.pa.gov.br\/novo\/wp-json\/wp\/v2\/categories?post=6215"},{"taxonomy":"post_tag","embeddable":true,"href":"https:\/\/oeirasdopara.pa.gov.br\/novo\/wp-json\/wp\/v2\/tags?post=6215"}],"curies":[{"name":"wp","href":"https:\/\/api.w.org\/{rel}","templated":true}]}}