{"id":6207,"date":"2022-01-04T15:08:56","date_gmt":"2022-01-04T15:08:56","guid":{"rendered":"https:\/\/oeirasdopara.pa.gov.br\/?p=6207"},"modified":"2022-01-07T13:30:04","modified_gmt":"2022-01-07T13:30:04","slug":"tomada-de-preco-n2-2021-00003-cpl-pmop","status":"publish","type":"post","link":"https:\/\/oeirasdopara.pa.gov.br\/novo\/tomada-de-preco-n2-2021-00003-cpl-pmop\/","title":{"rendered":"TOMADA DE PRE\u00c7O N\u00b02\/2021-00003-CPL\/PMOP"},"content":{"rendered":"<p>OBJETO: CONTRATA\u00c7\u00c3O DE EMPRESA ESPECIALIZADA EM SERVI\u00c7OS DE ENGENHARIA PARA REFORMA E ADEQUA\u00c7\u00c3O DA ESCOLA M.E.F. JER\u00d4NIMO MILHOMEM TAVARES NA SEDE DO MUNIC\u00cdPIO DE OEIRAS DO PAR\u00c1, TODA EM ESTRUTURA EM CONCRETO ARMADO E FECHAMENTO EM ALVENARIA, CONSTITU\u00cdDA COM 23(VINTE E TR\u00caS) SALAS DE AULA, SECRETARIA, SALA DO PROINFO, SALA DOS PROFESSORES, SALA DO COORD. PEDAG\u00d3GICO, SALA DE LEITURA, CIRCULA\u00c7\u00d5ES, BANHEIROS COLETIVOS, COZINHA, DEP\u00d3SITOS,REFEIT\u00d3RIOS, ALMOXARIFADO E PALCO EM MADEIRA.<\/p>\n<ul>\n<li><a href=\"http:\/\/oeirasdopara.pa.gov.br\/wp-content\/uploads\/2022\/01\/EDITAL-TOMADA-DE-PRECO-2-2021-00003_000001.pdf\">EDITAL <\/a><\/li>\n<\/ul>\n","protected":false},"excerpt":{"rendered":"<p>OBJETO: CONTRATA\u00c7\u00c3O DE EMPRESA ESPECIALIZADA EM SERVI\u00c7OS DE ENGENHARIA PARA REFORMA E ADEQUA\u00c7\u00c3O DA ESCOLA M.E.F. JER\u00d4NIMO MILHOMEM TAVARES NA SEDE DO MUNIC\u00cdPIO DE OEIRAS DO PAR\u00c1, TODA EM ESTRUTURA EM CONCRETO ARMADO E FECHAMENTO EM ALVENARIA, CONSTITU\u00cdDA COM 23(VINTE E TR\u00caS) SALAS DE AULA, SECRETARIA, SALA DO PROINFO, SALA DOS PROFESSORES, SALA DO COORD. [&hellip;]<\/p>\n","protected":false},"author":6,"featured_media":0,"comment_status":"closed","ping_status":"open","sticky":false,"template":"","format":"standard","meta":{"_seopress_robots_primary_cat":"","_seopress_titles_title":"","_seopress_titles_desc":"","_seopress_robots_index":"","footnotes":""},"categories":[69],"tags":[],"class_list":["post-6207","post","type-post","status-publish","format-standard","hentry","category-editais"],"_links":{"self":[{"href":"https:\/\/oeirasdopara.pa.gov.br\/novo\/wp-json\/wp\/v2\/posts\/6207","targetHints":{"allow":["GET"]}}],"collection":[{"href":"https:\/\/oeirasdopara.pa.gov.br\/novo\/wp-json\/wp\/v2\/posts"}],"about":[{"href":"https:\/\/oeirasdopara.pa.gov.br\/novo\/wp-json\/wp\/v2\/types\/post"}],"author":[{"embeddable":true,"href":"https:\/\/oeirasdopara.pa.gov.br\/novo\/wp-json\/wp\/v2\/users\/6"}],"replies":[{"embeddable":true,"href":"https:\/\/oeirasdopara.pa.gov.br\/novo\/wp-json\/wp\/v2\/comments?post=6207"}],"version-history":[{"count":4,"href":"https:\/\/oeirasdopara.pa.gov.br\/novo\/wp-json\/wp\/v2\/posts\/6207\/revisions"}],"predecessor-version":[{"id":6242,"href":"https:\/\/oeirasdopara.pa.gov.br\/novo\/wp-json\/wp\/v2\/posts\/6207\/revisions\/6242"}],"wp:attachment":[{"href":"https:\/\/oeirasdopara.pa.gov.br\/novo\/wp-json\/wp\/v2\/media?parent=6207"}],"wp:term":[{"taxonomy":"category","embeddable":true,"href":"https:\/\/oeirasdopara.pa.gov.br\/novo\/wp-json\/wp\/v2\/categories?post=6207"},{"taxonomy":"post_tag","embeddable":true,"href":"https:\/\/oeirasdopara.pa.gov.br\/novo\/wp-json\/wp\/v2\/tags?post=6207"}],"curies":[{"name":"wp","href":"https:\/\/api.w.org\/{rel}","templated":true}]}}