{"id":6156,"date":"2021-12-21T12:18:30","date_gmt":"2021-12-21T12:18:30","guid":{"rendered":"https:\/\/oeirasdopara.pa.gov.br\/?p=6156"},"modified":"2026-04-22T11:00:10","modified_gmt":"2026-04-22T14:00:10","slug":"pregao-eletronico-srp-no-9-2021-00019-cpl-pmop","status":"publish","type":"post","link":"https:\/\/oeirasdopara.pa.gov.br\/novo\/pregao-eletronico-srp-no-9-2021-00019-cpl-pmop\/","title":{"rendered":"PREG\u00c3O ELETR\u00d4NICO SRP N\u00ba 9\/2021-00019 &#8211; CPL\/PMOP"},"content":{"rendered":"<p>OBJETO: CONTRATA\u00c7\u00c3O DE EMPRESA PARA EXECU\u00c7\u00c3O DE SERVI\u00c7OS DE REFORMAS DE MOBILI\u00c1RIOS ESCOLARES, COM FORNECIMENTO DE PE\u00c7AS, VISANDO PRESTA\u00c7\u00d5ES FUTURAS, DESTINADOS AO ATENDIMENTO DAS NECESSIDADES DA SECRETARIA MUNICIPAL DE EDUCA\u00c7\u00c3O.<\/p>\n<ul>\n<li><a href=\"https:\/\/oeirasdopara.pa.gov.br\/novo\/wp-content\/uploads\/2021\/12\/TERMO-DE-REFERENCIA-71.pdf\">TERMO DE REFERENCIA <\/a><\/li>\n<li><a href=\"https:\/\/oeirasdopara.pa.gov.br\/novo\/wp-content\/uploads\/2021\/12\/PESQUISA-DE-MERCADO-11.pdf\">PESQUISA DE MERCADO <\/a><\/li>\n<li><a href=\"https:\/\/oeirasdopara.pa.gov.br\/novo\/wp-content\/uploads\/2021\/12\/PARECER-JURIDICO-2026-04-22T105446.561.pdf\">PARECER JURIDICO <\/a><\/li>\n<li><a href=\"https:\/\/oeirasdopara.pa.gov.br\/novo\/wp-content\/uploads\/2021\/12\/PARECER-CONTROLE-INTERNO-49.pdf\">PARECER CONTROLE INTERNO <\/a><\/li>\n<li><a href=\"https:\/\/oeirasdopara.pa.gov.br\/novo\/wp-content\/uploads\/2021\/12\/MINUTA-1.pdf\">MINUTA<\/a><\/li>\n<li><a href=\"https:\/\/oeirasdopara.pa.gov.br\/novo\/wp-content\/uploads\/2021\/12\/MAPA-DE-PRECO-1.pdf\">MAPA DE PRE\u00c7O<\/a><\/li>\n<li><a href=\"https:\/\/oeirasdopara.pa.gov.br\/novo\/wp-content\/uploads\/2021\/12\/JUSTIFICATIVA-21.pdf\">JUSTIFICATIVA <\/a><\/li>\n<li><a href=\"https:\/\/oeirasdopara.pa.gov.br\/novo\/wp-content\/uploads\/2021\/12\/EDITAL-2026-04-22T105438.646.pdf\">EDITAL <\/a><\/li>\n<li><a href=\"https:\/\/oeirasdopara.pa.gov.br\/novo\/wp-content\/uploads\/2021\/12\/ATOS-DE-HOMOLOGACAO-3.pdf\">ATOS DE HOMOLOGA\u00c7\u00c3O<\/a><\/li>\n<li><a href=\"https:\/\/oeirasdopara.pa.gov.br\/novo\/wp-content\/uploads\/2021\/12\/ATOS-DE-ADJUDICACAO-3.pdf\">ATOS DE ADJUDICA\u00c7\u00c3O<\/a><\/li>\n<li><a href=\"https:\/\/oeirasdopara.pa.gov.br\/novo\/wp-content\/uploads\/2021\/12\/ATAS-DAS-SESSOES-DE-JULGAMENTO-3.pdf\">ATAS DAS SESS\u00d5ES DE JULGAMENTO<\/a><\/li>\n<li><a href=\"https:\/\/oeirasdopara.pa.gov.br\/novo\/wp-content\/uploads\/2021\/12\/ATAS-DAS-SESSOES-DE-ABERTURA-3.pdf\">ATAS DAS SESS\u00d5ES DE ABERTURA<\/a><\/li>\n<li><a href=\"https:\/\/oeirasdopara.pa.gov.br\/novo\/wp-content\/uploads\/2021\/12\/ATA-DE-REGISTRO-DE-PRECO-7.pdf\">ATA DE REGISTRO DE PRE\u00c7O<\/a><\/li>\n<\/ul>\n<p>CONTRATO:<\/p>\n<ul>\n<li><a href=\"https:\/\/oeirasdopara.pa.gov.br\/novo\/wp-content\/uploads\/2021\/12\/CONTRATO-N-20220036.pdf\">CONTRATO N 20220036<\/a><\/li>\n<\/ul>\n","protected":false},"excerpt":{"rendered":"<p>OBJETO: CONTRATA\u00c7\u00c3O DE EMPRESA PARA EXECU\u00c7\u00c3O DE SERVI\u00c7OS DE REFORMAS DE MOBILI\u00c1RIOS ESCOLARES, COM FORNECIMENTO DE PE\u00c7AS, VISANDO PRESTA\u00c7\u00d5ES FUTURAS, DESTINADOS AO ATENDIMENTO DAS NECESSIDADES DA SECRETARIA MUNICIPAL DE EDUCA\u00c7\u00c3O. TERMO DE REFERENCIA PESQUISA DE MERCADO PARECER JURIDICO PARECER CONTROLE INTERNO MINUTA MAPA DE PRE\u00c7O JUSTIFICATIVA EDITAL ATOS DE HOMOLOGA\u00c7\u00c3O ATOS DE ADJUDICA\u00c7\u00c3O ATAS DAS [&hellip;]<\/p>\n","protected":false},"author":6,"featured_media":0,"comment_status":"closed","ping_status":"open","sticky":false,"template":"","format":"standard","meta":{"_seopress_robots_primary_cat":"none","_seopress_titles_title":"","_seopress_titles_desc":"","_seopress_robots_index":"","footnotes":""},"categories":[69],"tags":[],"class_list":["post-6156","post","type-post","status-publish","format-standard","hentry","category-editais"],"_links":{"self":[{"href":"https:\/\/oeirasdopara.pa.gov.br\/novo\/wp-json\/wp\/v2\/posts\/6156","targetHints":{"allow":["GET"]}}],"collection":[{"href":"https:\/\/oeirasdopara.pa.gov.br\/novo\/wp-json\/wp\/v2\/posts"}],"about":[{"href":"https:\/\/oeirasdopara.pa.gov.br\/novo\/wp-json\/wp\/v2\/types\/post"}],"author":[{"embeddable":true,"href":"https:\/\/oeirasdopara.pa.gov.br\/novo\/wp-json\/wp\/v2\/users\/6"}],"replies":[{"embeddable":true,"href":"https:\/\/oeirasdopara.pa.gov.br\/novo\/wp-json\/wp\/v2\/comments?post=6156"}],"version-history":[{"count":3,"href":"https:\/\/oeirasdopara.pa.gov.br\/novo\/wp-json\/wp\/v2\/posts\/6156\/revisions"}],"predecessor-version":[{"id":14084,"href":"https:\/\/oeirasdopara.pa.gov.br\/novo\/wp-json\/wp\/v2\/posts\/6156\/revisions\/14084"}],"wp:attachment":[{"href":"https:\/\/oeirasdopara.pa.gov.br\/novo\/wp-json\/wp\/v2\/media?parent=6156"}],"wp:term":[{"taxonomy":"category","embeddable":true,"href":"https:\/\/oeirasdopara.pa.gov.br\/novo\/wp-json\/wp\/v2\/categories?post=6156"},{"taxonomy":"post_tag","embeddable":true,"href":"https:\/\/oeirasdopara.pa.gov.br\/novo\/wp-json\/wp\/v2\/tags?post=6156"}],"curies":[{"name":"wp","href":"https:\/\/api.w.org\/{rel}","templated":true}]}}