{"id":6137,"date":"2021-12-20T13:08:52","date_gmt":"2021-12-20T13:08:52","guid":{"rendered":"https:\/\/oeirasdopara.pa.gov.br\/?p=6137"},"modified":"2026-04-24T10:17:30","modified_gmt":"2026-04-24T13:17:30","slug":"pregao-eletronico-srp-no-9-2021-00022-cpl-pmop","status":"publish","type":"post","link":"https:\/\/oeirasdopara.pa.gov.br\/novo\/pregao-eletronico-srp-no-9-2021-00022-cpl-pmop\/","title":{"rendered":"PREG\u00c3O ELETR\u00d4NICO SRP N\u00ba 9\/2021-00022 &#8211; CPL\/PMOP"},"content":{"rendered":"<p>OBJETO: CONTRATA\u00c7\u00c3O DE EMPRESA ESPECIALIZADA PARA A PRESTA\u00c7\u00c3O DE SERVI\u00c7OS DE ORGANIZA\u00c7\u00c3O, PRODU\u00c7\u00c3O, PROMO\u00c7\u00c3O E REALIZA\u00c7\u00c3O DE EVENTOS DIVERSOS DO CALEND\u00c1RIO CULTURA DO MUNIC\u00cdPIO DE OEIRAS DO PAR\u00c1, MEDIANTE LOCA\u00c7\u00c3O DE ESTRUTURAS, SOM, ILUMINA\u00c7\u00c3O, GERADOR DE ENERGIA, TRIO EL\u00c9TRICO, BANHEIROS QU\u00cdMICOS, SHOWS PIROT\u00c9CNICOS, BANDAS MUSICAIS E APRESENTA\u00c7\u00d5ES ART\u00cdSTICAS E DEMAIS ESTRUTURAS, MAT\u00c9RIAS, EQUIPAMENTOS E M\u00c3O DE OBRA ESPECIALIZADA E EQUIPE DE APOIO NECESS\u00c1RIOS, ATRAV\u00c9S DA COORDENA\u00c7\u00c3O E DEMANDA DA SECRETARIA MUNICIPAL DE CULTURA.<\/p>\n<ul>\n<li><a href=\"https:\/\/oeirasdopara.pa.gov.br\/novo\/wp-content\/uploads\/2021\/12\/PESQUISA-DE-MERCADO-13.pdf\">PESQUISA DE MERCADO<\/a><\/li>\n<li><a href=\"https:\/\/oeirasdopara.pa.gov.br\/novo\/wp-content\/uploads\/2021\/12\/TERMO-DE-REFERENCIA-30.pdf\">TERMO DE REFER\u00caNCIA <\/a><\/li>\n<li><a href=\"https:\/\/oeirasdopara.pa.gov.br\/novo\/wp-content\/uploads\/2021\/12\/PARECER-JURIDICO-2026-04-24T095640.327.pdf\">PARECER JURIDICO <\/a><\/li>\n<li><a href=\"https:\/\/oeirasdopara.pa.gov.br\/novo\/wp-content\/uploads\/2021\/12\/MAPA-COMPARATIVO-81.pdf\">MAPA COMPARATIVO <\/a><\/li>\n<li><a href=\"https:\/\/oeirasdopara.pa.gov.br\/novo\/wp-content\/uploads\/2021\/12\/MINUTA-DO-CONTRATO-4.pdf\">MINUTA DO CONTRATO<\/a><\/li>\n<li><a href=\"https:\/\/oeirasdopara.pa.gov.br\/novo\/wp-content\/uploads\/2021\/12\/PARECER-CONTROLE-INTERNO-51.pdf\">PARECER CONTROLE INTERNO <\/a><\/li>\n<li><a href=\"https:\/\/oeirasdopara.pa.gov.br\/novo\/wp-content\/uploads\/2021\/12\/JUSTIFICATIVA-23.pdf\">JUSTIFICATIVA<\/a><\/li>\n<li><a href=\"https:\/\/oeirasdopara.pa.gov.br\/novo\/wp-content\/uploads\/2021\/12\/EDITAL-2026-04-24T095634.064.pdf\">EDITAL &#8211; 2026-04-24T095634.064<\/a><\/li>\n<li><a href=\"https:\/\/oeirasdopara.pa.gov.br\/novo\/wp-content\/uploads\/2021\/12\/ATOS-DE-HOMOLOGACAO-5.pdf\">ATOS DE HOMOLOGA\u00c7\u00c3O<\/a><\/li>\n<li><a href=\"https:\/\/oeirasdopara.pa.gov.br\/novo\/wp-content\/uploads\/2021\/12\/ATOS-DE-ADJUDICACAO-5.pdf\">ATOS DE ADJUDICA\u00c7\u00c3O<\/a><\/li>\n<li><a href=\"https:\/\/oeirasdopara.pa.gov.br\/novo\/wp-content\/uploads\/2021\/12\/ATA-DAS-SESSOES-DE-JULGAMENTO-1.pdf\">ATA DAS SESS\u00d5ES DE JULGAMENTO<\/a><\/li>\n<li><a href=\"https:\/\/oeirasdopara.pa.gov.br\/novo\/wp-content\/uploads\/2021\/12\/ATA-DAS-SESSOES-DE-ABERTURA-1.pdf\">ATA DAS SESS\u00d5ES DE ABERTURA <\/a><\/li>\n<li><a href=\"https:\/\/oeirasdopara.pa.gov.br\/novo\/wp-content\/uploads\/2021\/12\/ATA-DE-REGISTRO-DE-PRECO-8.pdf\">ATA DE REGISTRO DE PRE\u00c7O<\/a><\/li>\n<\/ul>\n<p>CONTRATOS:<\/p>\n<ul>\n<li><a href=\"https:\/\/oeirasdopara.pa.gov.br\/novo\/wp-content\/uploads\/2021\/12\/CONTRATO-N-20220005.pdf\">CONTRATO N 20220005<\/a><\/li>\n<li><a href=\"https:\/\/oeirasdopara.pa.gov.br\/novo\/wp-content\/uploads\/2021\/12\/CONTRATO-N-20220199.pdf\">CONTRATO N 20220199<\/a><\/li>\n<\/ul>\n","protected":false},"excerpt":{"rendered":"<p>OBJETO: CONTRATA\u00c7\u00c3O DE EMPRESA ESPECIALIZADA PARA A PRESTA\u00c7\u00c3O DE SERVI\u00c7OS DE ORGANIZA\u00c7\u00c3O, PRODU\u00c7\u00c3O, PROMO\u00c7\u00c3O E REALIZA\u00c7\u00c3O DE EVENTOS DIVERSOS DO CALEND\u00c1RIO CULTURA DO MUNIC\u00cdPIO DE OEIRAS DO PAR\u00c1, MEDIANTE LOCA\u00c7\u00c3O DE ESTRUTURAS, SOM, ILUMINA\u00c7\u00c3O, GERADOR DE ENERGIA, TRIO EL\u00c9TRICO, BANHEIROS QU\u00cdMICOS, SHOWS PIROT\u00c9CNICOS, BANDAS MUSICAIS E APRESENTA\u00c7\u00d5ES ART\u00cdSTICAS E DEMAIS ESTRUTURAS, MAT\u00c9RIAS, EQUIPAMENTOS E M\u00c3O [&hellip;]<\/p>\n","protected":false},"author":6,"featured_media":0,"comment_status":"closed","ping_status":"open","sticky":false,"template":"","format":"standard","meta":{"_seopress_robots_primary_cat":"none","_seopress_titles_title":"","_seopress_titles_desc":"","_seopress_robots_index":"","footnotes":""},"categories":[69],"tags":[],"class_list":["post-6137","post","type-post","status-publish","format-standard","hentry","category-editais"],"_links":{"self":[{"href":"https:\/\/oeirasdopara.pa.gov.br\/novo\/wp-json\/wp\/v2\/posts\/6137","targetHints":{"allow":["GET"]}}],"collection":[{"href":"https:\/\/oeirasdopara.pa.gov.br\/novo\/wp-json\/wp\/v2\/posts"}],"about":[{"href":"https:\/\/oeirasdopara.pa.gov.br\/novo\/wp-json\/wp\/v2\/types\/post"}],"author":[{"embeddable":true,"href":"https:\/\/oeirasdopara.pa.gov.br\/novo\/wp-json\/wp\/v2\/users\/6"}],"replies":[{"embeddable":true,"href":"https:\/\/oeirasdopara.pa.gov.br\/novo\/wp-json\/wp\/v2\/comments?post=6137"}],"version-history":[{"count":3,"href":"https:\/\/oeirasdopara.pa.gov.br\/novo\/wp-json\/wp\/v2\/posts\/6137\/revisions"}],"predecessor-version":[{"id":14129,"href":"https:\/\/oeirasdopara.pa.gov.br\/novo\/wp-json\/wp\/v2\/posts\/6137\/revisions\/14129"}],"wp:attachment":[{"href":"https:\/\/oeirasdopara.pa.gov.br\/novo\/wp-json\/wp\/v2\/media?parent=6137"}],"wp:term":[{"taxonomy":"category","embeddable":true,"href":"https:\/\/oeirasdopara.pa.gov.br\/novo\/wp-json\/wp\/v2\/categories?post=6137"},{"taxonomy":"post_tag","embeddable":true,"href":"https:\/\/oeirasdopara.pa.gov.br\/novo\/wp-json\/wp\/v2\/tags?post=6137"}],"curies":[{"name":"wp","href":"https:\/\/api.w.org\/{rel}","templated":true}]}}