{"id":5952,"date":"2021-11-18T13:33:00","date_gmt":"2021-11-18T13:33:00","guid":{"rendered":"https:\/\/oeirasdopara.pa.gov.br\/?p=5952"},"modified":"2021-12-07T12:47:05","modified_gmt":"2021-12-07T12:47:05","slug":"pregao-eletronico-srp-no-9-2021-00018-cpl-pmop","status":"publish","type":"post","link":"https:\/\/oeirasdopara.pa.gov.br\/novo\/pregao-eletronico-srp-no-9-2021-00018-cpl-pmop\/","title":{"rendered":"PREG\u00c3O ELETR\u00d4NICO SRP N\u00ba 9\/2021-00018 &#8211; CPL\/PMOP"},"content":{"rendered":"<p>OBJETO: CONTRATA\u00c7\u00c3O DE EMPRESA ESPECIALIZADAS PARA EVENTUAL MANUTEN\u00c7\u00c3O PREVENTIVA E CORRETIVA COM REPOSI\u00c7\u00c3O DE PE\u00c7AS NOS VE\u00cdCULOS OFICIAIS E EQUIPAMENTOS EM ATENDIMENTO AS NECESSIDADES DA PREFEITURA MUNICIPAL DE OEIRAS DO PAR\u00c1, ATRAV\u00c9S DAS SECRETARIAS FUNDOS MUNICIPAIS VINCULADOS.<\/p>\n<ul>\n<li><a href=\"http:\/\/oeirasdopara.pa.gov.br\/wp-content\/uploads\/2021\/11\/EDITAL-17.pdf\">EDITAL <\/a><\/li>\n<li><a href=\"http:\/\/oeirasdopara.pa.gov.br\/wp-content\/uploads\/2021\/11\/JUSTIFICATIVA-16-1.pdf\">JUSTIFICATIVA <\/a><\/li>\n<li><a href=\"http:\/\/oeirasdopara.pa.gov.br\/wp-content\/uploads\/2021\/11\/MAPA-COMPARATIVO-10-3.pdf\">MAPA COMPARATIVO <\/a><\/li>\n<li><a href=\"http:\/\/oeirasdopara.pa.gov.br\/wp-content\/uploads\/2021\/11\/MINUTA-DO-CONTRATO-7-3.pdf\">MINUTA DO CONTRATO<\/a><\/li>\n<li><a href=\"http:\/\/oeirasdopara.pa.gov.br\/wp-content\/uploads\/2021\/11\/PARECER-JURIDICO-7-2.pdf\">PARECER JURIDICO <\/a><\/li>\n<li><a href=\"http:\/\/oeirasdopara.pa.gov.br\/wp-content\/uploads\/2021\/11\/PESQUISA-DE-MERCADO-6-1.pdf\">PESQUISA DE MERCADO<\/a><\/li>\n<li><a href=\"http:\/\/oeirasdopara.pa.gov.br\/wp-content\/uploads\/2021\/11\/TERMO-DE-REFERENCIA-8-1.pdf\">TERMO DE REFER\u00caNCIA <\/a><\/li>\n<\/ul>\n<p>&nbsp;<\/p>\n<p>&nbsp;<\/p>\n","protected":false},"excerpt":{"rendered":"<p>OBJETO: CONTRATA\u00c7\u00c3O DE EMPRESA ESPECIALIZADAS PARA EVENTUAL MANUTEN\u00c7\u00c3O PREVENTIVA E CORRETIVA COM REPOSI\u00c7\u00c3O DE PE\u00c7AS NOS VE\u00cdCULOS OFICIAIS E EQUIPAMENTOS EM ATENDIMENTO AS NECESSIDADES DA PREFEITURA MUNICIPAL DE OEIRAS DO PAR\u00c1, ATRAV\u00c9S DAS SECRETARIAS FUNDOS MUNICIPAIS VINCULADOS. EDITAL JUSTIFICATIVA MAPA COMPARATIVO MINUTA DO CONTRATO PARECER JURIDICO PESQUISA DE MERCADO TERMO DE REFER\u00caNCIA &nbsp; &nbsp;<\/p>\n","protected":false},"author":6,"featured_media":0,"comment_status":"closed","ping_status":"open","sticky":false,"template":"","format":"standard","meta":{"_seopress_robots_primary_cat":"","_seopress_titles_title":"","_seopress_titles_desc":"","_seopress_robots_index":"","footnotes":""},"categories":[69],"tags":[],"class_list":["post-5952","post","type-post","status-publish","format-standard","hentry","category-editais"],"_links":{"self":[{"href":"https:\/\/oeirasdopara.pa.gov.br\/novo\/wp-json\/wp\/v2\/posts\/5952","targetHints":{"allow":["GET"]}}],"collection":[{"href":"https:\/\/oeirasdopara.pa.gov.br\/novo\/wp-json\/wp\/v2\/posts"}],"about":[{"href":"https:\/\/oeirasdopara.pa.gov.br\/novo\/wp-json\/wp\/v2\/types\/post"}],"author":[{"embeddable":true,"href":"https:\/\/oeirasdopara.pa.gov.br\/novo\/wp-json\/wp\/v2\/users\/6"}],"replies":[{"embeddable":true,"href":"https:\/\/oeirasdopara.pa.gov.br\/novo\/wp-json\/wp\/v2\/comments?post=5952"}],"version-history":[{"count":8,"href":"https:\/\/oeirasdopara.pa.gov.br\/novo\/wp-json\/wp\/v2\/posts\/5952\/revisions"}],"predecessor-version":[{"id":6080,"href":"https:\/\/oeirasdopara.pa.gov.br\/novo\/wp-json\/wp\/v2\/posts\/5952\/revisions\/6080"}],"wp:attachment":[{"href":"https:\/\/oeirasdopara.pa.gov.br\/novo\/wp-json\/wp\/v2\/media?parent=5952"}],"wp:term":[{"taxonomy":"category","embeddable":true,"href":"https:\/\/oeirasdopara.pa.gov.br\/novo\/wp-json\/wp\/v2\/categories?post=5952"},{"taxonomy":"post_tag","embeddable":true,"href":"https:\/\/oeirasdopara.pa.gov.br\/novo\/wp-json\/wp\/v2\/tags?post=5952"}],"curies":[{"name":"wp","href":"https:\/\/api.w.org\/{rel}","templated":true}]}}