{"id":5903,"date":"2021-11-11T23:25:59","date_gmt":"2021-11-11T23:25:59","guid":{"rendered":"https:\/\/oeirasdopara.pa.gov.br\/?p=5903"},"modified":"2022-06-01T12:41:13","modified_gmt":"2022-06-01T12:41:13","slug":"pregao-eletronico-no-9-2021-00017-cpl-pmop-2","status":"publish","type":"post","link":"https:\/\/oeirasdopara.pa.gov.br\/novo\/pregao-eletronico-no-9-2021-00017-cpl-pmop-2\/","title":{"rendered":"PREG\u00c3O ELETR\u00d4NICO N\u00ba 9\/2021-00017 &#8211; CPL\/PMOP"},"content":{"rendered":"<p>OBJETO: AQUISI\u00c7\u00c3O DE MATERIAL PERMANENTE PARA ATEN\u00c7\u00c3O ESPECIALIZADA EM SA\u00daDE, ORIUNDOS DA PORTARIA DO MINIST\u00c9RIO DA SA\u00daDE GM\/MS N\u00ba 3186 DE 26\/11\/2020 N\u00ba DA PROPOSTA: 12527.516000\/1200-01<\/p>\n<ul>\n<li><a href=\"http:\/\/oeirasdopara.pa.gov.br\/wp-content\/uploads\/2021\/11\/EDITAL-18-2.pdf\">EDITAL\u00a0<\/a><\/li>\n<li><a href=\"http:\/\/oeirasdopara.pa.gov.br\/wp-content\/uploads\/2021\/11\/JUSTIFICATIVA-15.pdf\">JUSTIFICATIVA <\/a><\/li>\n<li><a href=\"http:\/\/oeirasdopara.pa.gov.br\/wp-content\/uploads\/2021\/11\/MAPA-COMPARATIVO-10.pdf\">MAPA COMPARATIVO <\/a><\/li>\n<li><a href=\"http:\/\/oeirasdopara.pa.gov.br\/wp-content\/uploads\/2021\/11\/MINUTA-DO-CONTRATO-7.pdf\">MINUTA DO CONTRATO <\/a><\/li>\n<li><a href=\"http:\/\/oeirasdopara.pa.gov.br\/wp-content\/uploads\/2021\/11\/PARECER-JURIDICO-6.pdf\">PARECER JURIDICO <\/a><\/li>\n<li><a href=\"http:\/\/oeirasdopara.pa.gov.br\/wp-content\/uploads\/2021\/11\/PESQUISA-DE-MERCADO-6.pdf\">PESQUISA DE MERCADO <\/a><\/li>\n<li><a href=\"http:\/\/oeirasdopara.pa.gov.br\/wp-content\/uploads\/2021\/11\/TERMO-DE-REFERENCIA-8.pdf\">TERMO DE REFER\u00caNCIA<\/a><\/li>\n<li><a href=\"http:\/\/oeirasdopara.pa.gov.br\/wp-content\/uploads\/2021\/11\/EDITAL-3-CHAMADA.pdf\">EDITAL 3\u00b0 CHAMADA<\/a><\/li>\n<\/ul>\n","protected":false},"excerpt":{"rendered":"<p>OBJETO: AQUISI\u00c7\u00c3O DE MATERIAL PERMANENTE PARA ATEN\u00c7\u00c3O ESPECIALIZADA EM SA\u00daDE, ORIUNDOS DA PORTARIA DO MINIST\u00c9RIO DA SA\u00daDE GM\/MS N\u00ba 3186 DE 26\/11\/2020 N\u00ba DA PROPOSTA: 12527.516000\/1200-01 EDITAL\u00a0 JUSTIFICATIVA MAPA COMPARATIVO MINUTA DO CONTRATO PARECER JURIDICO PESQUISA DE MERCADO TERMO DE REFER\u00caNCIA EDITAL 3\u00b0 CHAMADA<\/p>\n","protected":false},"author":6,"featured_media":0,"comment_status":"closed","ping_status":"open","sticky":false,"template":"","format":"standard","meta":{"_seopress_robots_primary_cat":"","_seopress_titles_title":"","_seopress_titles_desc":"","_seopress_robots_index":"","footnotes":""},"categories":[69],"tags":[],"class_list":["post-5903","post","type-post","status-publish","format-standard","hentry","category-editais"],"_links":{"self":[{"href":"https:\/\/oeirasdopara.pa.gov.br\/novo\/wp-json\/wp\/v2\/posts\/5903","targetHints":{"allow":["GET"]}}],"collection":[{"href":"https:\/\/oeirasdopara.pa.gov.br\/novo\/wp-json\/wp\/v2\/posts"}],"about":[{"href":"https:\/\/oeirasdopara.pa.gov.br\/novo\/wp-json\/wp\/v2\/types\/post"}],"author":[{"embeddable":true,"href":"https:\/\/oeirasdopara.pa.gov.br\/novo\/wp-json\/wp\/v2\/users\/6"}],"replies":[{"embeddable":true,"href":"https:\/\/oeirasdopara.pa.gov.br\/novo\/wp-json\/wp\/v2\/comments?post=5903"}],"version-history":[{"count":6,"href":"https:\/\/oeirasdopara.pa.gov.br\/novo\/wp-json\/wp\/v2\/posts\/5903\/revisions"}],"predecessor-version":[{"id":7022,"href":"https:\/\/oeirasdopara.pa.gov.br\/novo\/wp-json\/wp\/v2\/posts\/5903\/revisions\/7022"}],"wp:attachment":[{"href":"https:\/\/oeirasdopara.pa.gov.br\/novo\/wp-json\/wp\/v2\/media?parent=5903"}],"wp:term":[{"taxonomy":"category","embeddable":true,"href":"https:\/\/oeirasdopara.pa.gov.br\/novo\/wp-json\/wp\/v2\/categories?post=5903"},{"taxonomy":"post_tag","embeddable":true,"href":"https:\/\/oeirasdopara.pa.gov.br\/novo\/wp-json\/wp\/v2\/tags?post=5903"}],"curies":[{"name":"wp","href":"https:\/\/api.w.org\/{rel}","templated":true}]}}