{"id":5874,"date":"2021-11-09T15:48:18","date_gmt":"2021-11-09T15:48:18","guid":{"rendered":"https:\/\/oeirasdopara.pa.gov.br\/?p=5874"},"modified":"2021-11-29T13:54:27","modified_gmt":"2021-11-29T13:54:27","slug":"pregao-eletronico-no-9-2021-00016-cpl-pmop","status":"publish","type":"post","link":"https:\/\/oeirasdopara.pa.gov.br\/novo\/pregao-eletronico-no-9-2021-00016-cpl-pmop\/","title":{"rendered":"PREG\u00c3O ELETR\u00d4NICO N\u00ba 9\/2021-00016 &#8211; CPL\/PMOP"},"content":{"rendered":"<p>OBJETO: AQUISI\u00c7\u00c3O DE IMPLEMENTOS AGR\u00cdCOLAS, COM RECURSOS ORIUNDOS DO CONVENIO DE N\u00ba 891333\/2019, FIRMADO ENTRE PREFEITURA DE OEIRAS DO PAR\u00c1 E MINIST\u00c9RIO DA AGRICULTURA PECU\u00c1RIA E ABASTECIMENTO-MAPA.<\/p>\n<ul>\n<li><a href=\"http:\/\/oeirasdopara.pa.gov.br\/wp-content\/uploads\/2021\/11\/EDITAL-15-2.pdf\">EDITAL <\/a><\/li>\n<li><a href=\"http:\/\/oeirasdopara.pa.gov.br\/wp-content\/uploads\/2021\/11\/JUSTIFICATIVA-13.pdf\">JUSTIFICATIVA <\/a><\/li>\n<li><a href=\"http:\/\/oeirasdopara.pa.gov.br\/wp-content\/uploads\/2021\/11\/MAPA-COMPARATIVO-8.pdf\">MAPA COMPARATIVO <\/a><\/li>\n<li><a href=\"http:\/\/oeirasdopara.pa.gov.br\/wp-content\/uploads\/2021\/11\/MINUTA-DO-CONTRATO-4.pdf\">MINUTA DO CONTRATO <\/a><\/li>\n<li><a href=\"http:\/\/oeirasdopara.pa.gov.br\/wp-content\/uploads\/2021\/11\/PARECER-JURIDICO-5.pdf\">PARECER JURIDICO <\/a><\/li>\n<li><a href=\"http:\/\/oeirasdopara.pa.gov.br\/wp-content\/uploads\/2021\/11\/PESQUISA-DE-MERCADO-5.pdf\">PESQUISA DE MERCADO <\/a><\/li>\n<li><a href=\"http:\/\/oeirasdopara.pa.gov.br\/wp-content\/uploads\/2021\/11\/TERMO-DE-REFERENCIA-6.pdf\">TERMO DE REFER\u00caNCIA <\/a><\/li>\n<\/ul>\n","protected":false},"excerpt":{"rendered":"<p>OBJETO: AQUISI\u00c7\u00c3O DE IMPLEMENTOS AGR\u00cdCOLAS, COM RECURSOS ORIUNDOS DO CONVENIO DE N\u00ba 891333\/2019, FIRMADO ENTRE PREFEITURA DE OEIRAS DO PAR\u00c1 E MINIST\u00c9RIO DA AGRICULTURA PECU\u00c1RIA E ABASTECIMENTO-MAPA. EDITAL JUSTIFICATIVA MAPA COMPARATIVO MINUTA DO CONTRATO PARECER JURIDICO PESQUISA DE MERCADO TERMO DE REFER\u00caNCIA<\/p>\n","protected":false},"author":6,"featured_media":0,"comment_status":"closed","ping_status":"open","sticky":false,"template":"","format":"standard","meta":{"_seopress_robots_primary_cat":"","_seopress_titles_title":"","_seopress_titles_desc":"","_seopress_robots_index":"","footnotes":""},"categories":[69],"tags":[],"class_list":["post-5874","post","type-post","status-publish","format-standard","hentry","category-editais"],"_links":{"self":[{"href":"https:\/\/oeirasdopara.pa.gov.br\/novo\/wp-json\/wp\/v2\/posts\/5874","targetHints":{"allow":["GET"]}}],"collection":[{"href":"https:\/\/oeirasdopara.pa.gov.br\/novo\/wp-json\/wp\/v2\/posts"}],"about":[{"href":"https:\/\/oeirasdopara.pa.gov.br\/novo\/wp-json\/wp\/v2\/types\/post"}],"author":[{"embeddable":true,"href":"https:\/\/oeirasdopara.pa.gov.br\/novo\/wp-json\/wp\/v2\/users\/6"}],"replies":[{"embeddable":true,"href":"https:\/\/oeirasdopara.pa.gov.br\/novo\/wp-json\/wp\/v2\/comments?post=5874"}],"version-history":[{"count":4,"href":"https:\/\/oeirasdopara.pa.gov.br\/novo\/wp-json\/wp\/v2\/posts\/5874\/revisions"}],"predecessor-version":[{"id":6011,"href":"https:\/\/oeirasdopara.pa.gov.br\/novo\/wp-json\/wp\/v2\/posts\/5874\/revisions\/6011"}],"wp:attachment":[{"href":"https:\/\/oeirasdopara.pa.gov.br\/novo\/wp-json\/wp\/v2\/media?parent=5874"}],"wp:term":[{"taxonomy":"category","embeddable":true,"href":"https:\/\/oeirasdopara.pa.gov.br\/novo\/wp-json\/wp\/v2\/categories?post=5874"},{"taxonomy":"post_tag","embeddable":true,"href":"https:\/\/oeirasdopara.pa.gov.br\/novo\/wp-json\/wp\/v2\/tags?post=5874"}],"curies":[{"name":"wp","href":"https:\/\/api.w.org\/{rel}","templated":true}]}}