{"id":5865,"date":"2021-11-09T15:24:36","date_gmt":"2021-11-09T15:24:36","guid":{"rendered":"https:\/\/oeirasdopara.pa.gov.br\/?p=5865"},"modified":"2021-11-29T13:56:37","modified_gmt":"2021-11-29T13:56:37","slug":"pregao-eletronico-no-9-2021-00015-cpl-pmop","status":"publish","type":"post","link":"https:\/\/oeirasdopara.pa.gov.br\/novo\/pregao-eletronico-no-9-2021-00015-cpl-pmop\/","title":{"rendered":"PREG\u00c3O ELETR\u00d4NICO N\u00ba 9\/2021-00015 &#8211; CPL\/PMOP"},"content":{"rendered":"<p>OBJETO: AQUISI\u00c7\u00c3O DE VEICULO RODOVI\u00c1RIO, PARA ATENDER AS NECESSIDADES DA SECRETARIA DE AGRICULTURA, PROVENIENTE DO CONVENIO DE NUMERO 867751-2018, FIRMADO ENTRE PREFEITURA MUNICIPAL DE OEIRAS DO PAR\u00c1 E A SUPERINTEND\u00caNCIA DO DESENVOLVIMENTO DA AMAZONIA-SUDAM.<\/p>\n<ul>\n<li><a href=\"http:\/\/oeirasdopara.pa.gov.br\/wp-content\/uploads\/2021\/11\/EDITAL-16.pdf\">EDITAL\u00a0<\/a><\/li>\n<li><a href=\"http:\/\/oeirasdopara.pa.gov.br\/wp-content\/uploads\/2021\/11\/JUSTIFICATIVA-12.pdf\">JUSTIFICATIVA <\/a><\/li>\n<li><a href=\"http:\/\/oeirasdopara.pa.gov.br\/wp-content\/uploads\/2021\/11\/MINUTA-DO-CONTRATO-5.pdf\">MINUTA DO CONTRATO <\/a><\/li>\n<li><a href=\"http:\/\/oeirasdopara.pa.gov.br\/wp-content\/uploads\/2021\/11\/MAPA-COMPARATIVO-7.pdf\">MAPA COMPARATIVO <\/a><\/li>\n<li><a href=\"http:\/\/oeirasdopara.pa.gov.br\/wp-content\/uploads\/2021\/11\/PARECER-JURIDICO-4.pdf\">PARECER JURIDICO <\/a><\/li>\n<li><a href=\"http:\/\/oeirasdopara.pa.gov.br\/wp-content\/uploads\/2021\/11\/PESQUISA-DE-MERCADO-4.pdf\">PESQUISA DE MERCADO <\/a><\/li>\n<li><a href=\"http:\/\/oeirasdopara.pa.gov.br\/wp-content\/uploads\/2021\/11\/TERMO-DE-REFERENCIA-5.pdf\">TERMO DE REFER\u00caNCIA <\/a><\/li>\n<\/ul>\n","protected":false},"excerpt":{"rendered":"<p>OBJETO: AQUISI\u00c7\u00c3O DE VEICULO RODOVI\u00c1RIO, PARA ATENDER AS NECESSIDADES DA SECRETARIA DE AGRICULTURA, PROVENIENTE DO CONVENIO DE NUMERO 867751-2018, FIRMADO ENTRE PREFEITURA MUNICIPAL DE OEIRAS DO PAR\u00c1 E A SUPERINTEND\u00caNCIA DO DESENVOLVIMENTO DA AMAZONIA-SUDAM. EDITAL\u00a0 JUSTIFICATIVA MINUTA DO CONTRATO MAPA COMPARATIVO PARECER JURIDICO PESQUISA DE MERCADO TERMO DE REFER\u00caNCIA<\/p>\n","protected":false},"author":6,"featured_media":0,"comment_status":"closed","ping_status":"open","sticky":false,"template":"","format":"standard","meta":{"_seopress_robots_primary_cat":"","_seopress_titles_title":"","_seopress_titles_desc":"","_seopress_robots_index":"","footnotes":""},"categories":[69],"tags":[],"class_list":["post-5865","post","type-post","status-publish","format-standard","hentry","category-editais"],"_links":{"self":[{"href":"https:\/\/oeirasdopara.pa.gov.br\/novo\/wp-json\/wp\/v2\/posts\/5865","targetHints":{"allow":["GET"]}}],"collection":[{"href":"https:\/\/oeirasdopara.pa.gov.br\/novo\/wp-json\/wp\/v2\/posts"}],"about":[{"href":"https:\/\/oeirasdopara.pa.gov.br\/novo\/wp-json\/wp\/v2\/types\/post"}],"author":[{"embeddable":true,"href":"https:\/\/oeirasdopara.pa.gov.br\/novo\/wp-json\/wp\/v2\/users\/6"}],"replies":[{"embeddable":true,"href":"https:\/\/oeirasdopara.pa.gov.br\/novo\/wp-json\/wp\/v2\/comments?post=5865"}],"version-history":[{"count":2,"href":"https:\/\/oeirasdopara.pa.gov.br\/novo\/wp-json\/wp\/v2\/posts\/5865\/revisions"}],"predecessor-version":[{"id":6013,"href":"https:\/\/oeirasdopara.pa.gov.br\/novo\/wp-json\/wp\/v2\/posts\/5865\/revisions\/6013"}],"wp:attachment":[{"href":"https:\/\/oeirasdopara.pa.gov.br\/novo\/wp-json\/wp\/v2\/media?parent=5865"}],"wp:term":[{"taxonomy":"category","embeddable":true,"href":"https:\/\/oeirasdopara.pa.gov.br\/novo\/wp-json\/wp\/v2\/categories?post=5865"},{"taxonomy":"post_tag","embeddable":true,"href":"https:\/\/oeirasdopara.pa.gov.br\/novo\/wp-json\/wp\/v2\/tags?post=5865"}],"curies":[{"name":"wp","href":"https:\/\/api.w.org\/{rel}","templated":true}]}}