{"id":5816,"date":"2021-11-03T15:00:09","date_gmt":"2021-11-03T15:00:09","guid":{"rendered":"https:\/\/oeirasdopara.pa.gov.br\/?p=5816"},"modified":"2021-11-04T12:53:15","modified_gmt":"2021-11-04T12:53:15","slug":"pregao-eletronico-srp-no-9-2021-00012-cpl-pmop","status":"publish","type":"post","link":"https:\/\/oeirasdopara.pa.gov.br\/novo\/pregao-eletronico-srp-no-9-2021-00012-cpl-pmop\/","title":{"rendered":"PREG\u00c3O ELETR\u00d4NICO SRP N\u00ba 9\/2021-00012 &#8211; CPL\/PMOP"},"content":{"rendered":"<p>OBJETO: CONTRATA\u00c7\u00c3O DE SERVI\u00c7OS DE TRANSPORTE ESCOLAR DO TIPO TERRESTRE E FLUVIAL, EM ATENDIMENTO AS NECESSIDADES DA SECRETARIA MUNICIPAL DE EDUCA\u00c7\u00c3O, NO PROGRAMA NACIONAL DO TRANSPORTE ESCOLAR AOS ALUNOS MATRICULADOS NA REDE MUNICIPAL DE ENSINO PUBLICO DE OEIRAS DO PAR\u00c1\/PA, COM CONDUTOR HABILITADO, EM ATENDIMENTO A SECRETARIA MUNICIPAL DE EDUCA\u00c7\u00c3O.<\/p>\n<ul>\n<li><a href=\"http:\/\/oeirasdopara.pa.gov.br\/wp-content\/uploads\/2021\/11\/EDITAL-10-2.pdf\">EDITAL <\/a><\/li>\n<li><a href=\"http:\/\/oeirasdopara.pa.gov.br\/wp-content\/uploads\/2021\/11\/JUSTIFICATIVA-11-1.pdf\">JUSTIFICATIVA <\/a><\/li>\n<li><a href=\"http:\/\/oeirasdopara.pa.gov.br\/wp-content\/uploads\/2021\/11\/MAPA-COMPARATIVO-6-1.pdf\">MAPA COMPARATIVO<\/a><\/li>\n<li><a href=\"http:\/\/oeirasdopara.pa.gov.br\/wp-content\/uploads\/2021\/11\/MINUTA-DO-CONTRATO-3-1.pdf\">MINUTA DO CONTRATO <\/a><\/li>\n<li><a href=\"http:\/\/oeirasdopara.pa.gov.br\/wp-content\/uploads\/2021\/11\/PARECER-JURIDICO-3-1.pdf\">PARECER JURIDICO <\/a><\/li>\n<li><a href=\"http:\/\/oeirasdopara.pa.gov.br\/wp-content\/uploads\/2021\/11\/PESQUISA-DE-MERCADO-3-1.pdf\">PESQUISA DE MERCADO <\/a><\/li>\n<li><a href=\"http:\/\/oeirasdopara.pa.gov.br\/wp-content\/uploads\/2021\/11\/TERMO-DE-REFERENCIA-4-1.pdf\">TERMO DE REFER\u00caNCIA <\/a><\/li>\n<\/ul>\n","protected":false},"excerpt":{"rendered":"<p>OBJETO: CONTRATA\u00c7\u00c3O DE SERVI\u00c7OS DE TRANSPORTE ESCOLAR DO TIPO TERRESTRE E FLUVIAL, EM ATENDIMENTO AS NECESSIDADES DA SECRETARIA MUNICIPAL DE EDUCA\u00c7\u00c3O, NO PROGRAMA NACIONAL DO TRANSPORTE ESCOLAR AOS ALUNOS MATRICULADOS NA REDE MUNICIPAL DE ENSINO PUBLICO DE OEIRAS DO PAR\u00c1\/PA, COM CONDUTOR HABILITADO, EM ATENDIMENTO A SECRETARIA MUNICIPAL DE EDUCA\u00c7\u00c3O. EDITAL JUSTIFICATIVA MAPA COMPARATIVO MINUTA [&hellip;]<\/p>\n","protected":false},"author":6,"featured_media":0,"comment_status":"closed","ping_status":"open","sticky":false,"template":"","format":"standard","meta":{"_seopress_robots_primary_cat":"","_seopress_titles_title":"","_seopress_titles_desc":"","_seopress_robots_index":"","footnotes":""},"categories":[69],"tags":[],"class_list":["post-5816","post","type-post","status-publish","format-standard","hentry","category-editais"],"_links":{"self":[{"href":"https:\/\/oeirasdopara.pa.gov.br\/novo\/wp-json\/wp\/v2\/posts\/5816","targetHints":{"allow":["GET"]}}],"collection":[{"href":"https:\/\/oeirasdopara.pa.gov.br\/novo\/wp-json\/wp\/v2\/posts"}],"about":[{"href":"https:\/\/oeirasdopara.pa.gov.br\/novo\/wp-json\/wp\/v2\/types\/post"}],"author":[{"embeddable":true,"href":"https:\/\/oeirasdopara.pa.gov.br\/novo\/wp-json\/wp\/v2\/users\/6"}],"replies":[{"embeddable":true,"href":"https:\/\/oeirasdopara.pa.gov.br\/novo\/wp-json\/wp\/v2\/comments?post=5816"}],"version-history":[{"count":3,"href":"https:\/\/oeirasdopara.pa.gov.br\/novo\/wp-json\/wp\/v2\/posts\/5816\/revisions"}],"predecessor-version":[{"id":5831,"href":"https:\/\/oeirasdopara.pa.gov.br\/novo\/wp-json\/wp\/v2\/posts\/5816\/revisions\/5831"}],"wp:attachment":[{"href":"https:\/\/oeirasdopara.pa.gov.br\/novo\/wp-json\/wp\/v2\/media?parent=5816"}],"wp:term":[{"taxonomy":"category","embeddable":true,"href":"https:\/\/oeirasdopara.pa.gov.br\/novo\/wp-json\/wp\/v2\/categories?post=5816"},{"taxonomy":"post_tag","embeddable":true,"href":"https:\/\/oeirasdopara.pa.gov.br\/novo\/wp-json\/wp\/v2\/tags?post=5816"}],"curies":[{"name":"wp","href":"https:\/\/api.w.org\/{rel}","templated":true}]}}