{"id":5588,"date":"2021-09-28T14:39:44","date_gmt":"2021-09-28T14:39:44","guid":{"rendered":"https:\/\/oeirasdopara.pa.gov.br\/?p=5588"},"modified":"2021-12-14T14:04:46","modified_gmt":"2021-12-14T14:04:46","slug":"pregao-eletronico-srp-no-9-2021-00009-cpl-pmop","status":"publish","type":"post","link":"https:\/\/oeirasdopara.pa.gov.br\/novo\/pregao-eletronico-srp-no-9-2021-00009-cpl-pmop\/","title":{"rendered":"PREG\u00c3O ELETR\u00d4NICO SRP N\u00ba 9\/2021-00009 &#8211; CPL\/PMOP"},"content":{"rendered":"<p>OBJETO: CONTRATA\u00c7\u00c3O DE EMPRESA FORNECEDORA DE REFEI\u00c7\u00d5ES (MARMITEX), LANCHES E BEBIDAS, EM ATENDIMENTO AS NECESSIDADES DA PREFEITURA DE OEIRAS DO PAR\u00c1, ATRAV\u00c9S DAS SECRETARIAS E FUNDOS MUNICIPAIS VINCULADOS.<\/p>\n<ul>\n<li><a href=\"http:\/\/oeirasdopara.pa.gov.br\/wp-content\/uploads\/2021\/09\/ATA-DAS-SESSOES-DE-ABERTURA-1.pdf\">ATA DAS SESS\u00d5ES DE ABERTURA <\/a><\/li>\n<li><a href=\"http:\/\/oeirasdopara.pa.gov.br\/wp-content\/uploads\/2021\/09\/ATA-DAS-SESSOES-DE-JULGAMENTO-1.pdf\">ATA DAS SESS\u00d5ES DE JULGAMENTO <\/a><\/li>\n<li><a href=\"http:\/\/oeirasdopara.pa.gov.br\/wp-content\/uploads\/2021\/09\/ATA-DE-REGISTRO-DE-PRECO-2-1.pdf\">ATA DE REGISTRO DE PRE\u00c7O <\/a><\/li>\n<li><a href=\"http:\/\/oeirasdopara.pa.gov.br\/wp-content\/uploads\/2021\/09\/ATOS-DE-ADJUDICACAO-1.pdf\">ATOS DE ADJUDICA\u00c7\u00c3O <\/a><\/li>\n<li><a href=\"http:\/\/oeirasdopara.pa.gov.br\/wp-content\/uploads\/2021\/09\/ATOS-DE-HOMOLOGACAO-1.pdf\">ATOS DE HOMOLOGA\u00c7\u00c3O <\/a><\/li>\n<li><a href=\"http:\/\/oeirasdopara.pa.gov.br\/wp-content\/uploads\/2021\/09\/EDITAL-7.pdf\">EDITAL <\/a><\/li>\n<li><a href=\"http:\/\/oeirasdopara.pa.gov.br\/wp-content\/uploads\/2021\/09\/JUSTIFICATIVA-8-1.pdf\">JUSTIFICATIVA <\/a><\/li>\n<li><a href=\"http:\/\/oeirasdopara.pa.gov.br\/wp-content\/uploads\/2021\/09\/MAPA-COMPARATIVO-4.pdf\">MAPA COMPARATIVO <\/a><\/li>\n<li><a href=\"http:\/\/oeirasdopara.pa.gov.br\/wp-content\/uploads\/2021\/09\/MINUTA-DO-CONTRATO-1.pdf\">MINUTA DO CONTRATO <\/a><\/li>\n<li><a href=\"http:\/\/oeirasdopara.pa.gov.br\/wp-content\/uploads\/2021\/09\/PARECER-JURIDICO-EDITAL.pdf\">PARECER JURIDICO EDITAL<\/a><\/li>\n<li><a href=\"http:\/\/oeirasdopara.pa.gov.br\/wp-content\/uploads\/2021\/09\/PESQUISA-DE-MERCADO-1.pdf\">PESQUISA DE MERCADO <\/a><\/li>\n<li><a href=\"http:\/\/oeirasdopara.pa.gov.br\/wp-content\/uploads\/2021\/09\/TERMO-DE-REFERENCIA-1.pdf\">TERMO DE REFER\u00caNCIA <\/a><\/li>\n<\/ul>\n","protected":false},"excerpt":{"rendered":"<p>OBJETO: CONTRATA\u00c7\u00c3O DE EMPRESA FORNECEDORA DE REFEI\u00c7\u00d5ES (MARMITEX), LANCHES E BEBIDAS, EM ATENDIMENTO AS NECESSIDADES DA PREFEITURA DE OEIRAS DO PAR\u00c1, ATRAV\u00c9S DAS SECRETARIAS E FUNDOS MUNICIPAIS VINCULADOS. ATA DAS SESS\u00d5ES DE ABERTURA ATA DAS SESS\u00d5ES DE JULGAMENTO ATA DE REGISTRO DE PRE\u00c7O ATOS DE ADJUDICA\u00c7\u00c3O ATOS DE HOMOLOGA\u00c7\u00c3O EDITAL JUSTIFICATIVA MAPA COMPARATIVO MINUTA DO [&hellip;]<\/p>\n","protected":false},"author":6,"featured_media":0,"comment_status":"closed","ping_status":"open","sticky":false,"template":"","format":"standard","meta":{"_seopress_robots_primary_cat":"","_seopress_titles_title":"","_seopress_titles_desc":"","_seopress_robots_index":"","footnotes":""},"categories":[69],"tags":[],"class_list":["post-5588","post","type-post","status-publish","format-standard","hentry","category-editais"],"_links":{"self":[{"href":"https:\/\/oeirasdopara.pa.gov.br\/novo\/wp-json\/wp\/v2\/posts\/5588","targetHints":{"allow":["GET"]}}],"collection":[{"href":"https:\/\/oeirasdopara.pa.gov.br\/novo\/wp-json\/wp\/v2\/posts"}],"about":[{"href":"https:\/\/oeirasdopara.pa.gov.br\/novo\/wp-json\/wp\/v2\/types\/post"}],"author":[{"embeddable":true,"href":"https:\/\/oeirasdopara.pa.gov.br\/novo\/wp-json\/wp\/v2\/users\/6"}],"replies":[{"embeddable":true,"href":"https:\/\/oeirasdopara.pa.gov.br\/novo\/wp-json\/wp\/v2\/comments?post=5588"}],"version-history":[{"count":3,"href":"https:\/\/oeirasdopara.pa.gov.br\/novo\/wp-json\/wp\/v2\/posts\/5588\/revisions"}],"predecessor-version":[{"id":6118,"href":"https:\/\/oeirasdopara.pa.gov.br\/novo\/wp-json\/wp\/v2\/posts\/5588\/revisions\/6118"}],"wp:attachment":[{"href":"https:\/\/oeirasdopara.pa.gov.br\/novo\/wp-json\/wp\/v2\/media?parent=5588"}],"wp:term":[{"taxonomy":"category","embeddable":true,"href":"https:\/\/oeirasdopara.pa.gov.br\/novo\/wp-json\/wp\/v2\/categories?post=5588"},{"taxonomy":"post_tag","embeddable":true,"href":"https:\/\/oeirasdopara.pa.gov.br\/novo\/wp-json\/wp\/v2\/tags?post=5588"}],"curies":[{"name":"wp","href":"https:\/\/api.w.org\/{rel}","templated":true}]}}