{"id":5556,"date":"2021-09-23T14:48:33","date_gmt":"2021-09-23T14:48:33","guid":{"rendered":"https:\/\/oeirasdopara.pa.gov.br\/?p=5556"},"modified":"2021-09-23T14:56:42","modified_gmt":"2021-09-23T14:56:42","slug":"carona-n-a-2021-00001","status":"publish","type":"post","link":"https:\/\/oeirasdopara.pa.gov.br\/novo\/carona-n-a-2021-00001\/","title":{"rendered":"CARONA N\u00b0 A\/2021-00001"},"content":{"rendered":"<p>OBJETO: ADES\u00c3O A ATA DE REGISTRO DE PRE\u00c7OS N\u00ba 03\/2021, ORIUNDA DO PREG\u00c3O PRESENCIAL POR SRP N\u00ba PP&#8211;003\/2021-SEMS DA PREFEITURA MUNICIPAL DE IGARAP\u00c9-MIRI, OBJETIVANDO A CONTRATA\u00c7\u00c3O FUTURA PARA AQUISI\u00c7\u00c3O DE MEDICAMENTOS E MATERIAL T\u00c9CNICO HOSPITALAR, PARA ATENDER AS DEMANDAS DA SECRETARIA MUNICIPAL DE SA\u00daDE DO MUNIC\u00cdPIO DE OEIRAS DO PAR\u00c1.<\/p>\n<ul>\n<li><a href=\"http:\/\/oeirasdopara.pa.gov.br\/wp-content\/uploads\/2021\/09\/ACEITE-DA-ADESAO-DO-FORNECEDOR.pdf\">ACEITE DA ADES\u00c3O DO FORNECEDOR<\/a><\/li>\n<li><a href=\"http:\/\/oeirasdopara.pa.gov.br\/wp-content\/uploads\/2021\/09\/ATA-DE-REGISTRO-DE-PRECO-2.pdf\">ATA DE REGISTRO DE PRE\u00c7O <\/a><\/li>\n<li><a href=\"http:\/\/oeirasdopara.pa.gov.br\/wp-content\/uploads\/2021\/09\/AUTORIZACAO-DO-ORGAO-GERENCIADOR.pdf\">AUTORIZA\u00c7\u00c3O DO \u00d3RG\u00c3O GERENCIADOR<\/a><\/li>\n<li><a href=\"http:\/\/oeirasdopara.pa.gov.br\/wp-content\/uploads\/2021\/09\/JUSTIFICATIVA-8.pdf\">JUSTIFICATIVA <\/a><\/li>\n<li><a href=\"http:\/\/oeirasdopara.pa.gov.br\/wp-content\/uploads\/2021\/09\/PARECER-CONTROLE-INTERNO-4.pdf\">PARECER CONTROLE INTERNO <\/a><\/li>\n<li><a href=\"http:\/\/oeirasdopara.pa.gov.br\/wp-content\/uploads\/2021\/09\/PARECER-JURIDICO-2.pdf\">PARECER JURIDICO <\/a><\/li>\n<li><a href=\"http:\/\/oeirasdopara.pa.gov.br\/wp-content\/uploads\/2021\/09\/PUBLICACAO-DO-ATA.pdf\">PUBLICA\u00c7\u00c3O DO ATA<\/a><\/li>\n<li><a href=\"http:\/\/oeirasdopara.pa.gov.br\/wp-content\/uploads\/2021\/09\/SOLICITACAO-AO-ORGAO-GERENCIADOR.pdf\">SOLICITA\u00c7\u00c3O AO \u00d3RG\u00c3O GERENCIADOR<\/a><\/li>\n<\/ul>\n","protected":false},"excerpt":{"rendered":"<p>OBJETO: ADES\u00c3O A ATA DE REGISTRO DE PRE\u00c7OS N\u00ba 03\/2021, ORIUNDA DO PREG\u00c3O PRESENCIAL POR SRP N\u00ba PP&#8211;003\/2021-SEMS DA PREFEITURA MUNICIPAL DE IGARAP\u00c9-MIRI, OBJETIVANDO A CONTRATA\u00c7\u00c3O FUTURA PARA AQUISI\u00c7\u00c3O DE MEDICAMENTOS E MATERIAL T\u00c9CNICO HOSPITALAR, PARA ATENDER AS DEMANDAS DA SECRETARIA MUNICIPAL DE SA\u00daDE DO MUNIC\u00cdPIO DE OEIRAS DO PAR\u00c1. ACEITE DA ADES\u00c3O DO FORNECEDOR [&hellip;]<\/p>\n","protected":false},"author":6,"featured_media":0,"comment_status":"closed","ping_status":"open","sticky":false,"template":"","format":"standard","meta":{"_seopress_robots_primary_cat":"","_seopress_titles_title":"","_seopress_titles_desc":"","_seopress_robots_index":"","footnotes":""},"categories":[69],"tags":[],"class_list":["post-5556","post","type-post","status-publish","format-standard","hentry","category-editais"],"_links":{"self":[{"href":"https:\/\/oeirasdopara.pa.gov.br\/novo\/wp-json\/wp\/v2\/posts\/5556","targetHints":{"allow":["GET"]}}],"collection":[{"href":"https:\/\/oeirasdopara.pa.gov.br\/novo\/wp-json\/wp\/v2\/posts"}],"about":[{"href":"https:\/\/oeirasdopara.pa.gov.br\/novo\/wp-json\/wp\/v2\/types\/post"}],"author":[{"embeddable":true,"href":"https:\/\/oeirasdopara.pa.gov.br\/novo\/wp-json\/wp\/v2\/users\/6"}],"replies":[{"embeddable":true,"href":"https:\/\/oeirasdopara.pa.gov.br\/novo\/wp-json\/wp\/v2\/comments?post=5556"}],"version-history":[{"count":1,"href":"https:\/\/oeirasdopara.pa.gov.br\/novo\/wp-json\/wp\/v2\/posts\/5556\/revisions"}],"predecessor-version":[{"id":5565,"href":"https:\/\/oeirasdopara.pa.gov.br\/novo\/wp-json\/wp\/v2\/posts\/5556\/revisions\/5565"}],"wp:attachment":[{"href":"https:\/\/oeirasdopara.pa.gov.br\/novo\/wp-json\/wp\/v2\/media?parent=5556"}],"wp:term":[{"taxonomy":"category","embeddable":true,"href":"https:\/\/oeirasdopara.pa.gov.br\/novo\/wp-json\/wp\/v2\/categories?post=5556"},{"taxonomy":"post_tag","embeddable":true,"href":"https:\/\/oeirasdopara.pa.gov.br\/novo\/wp-json\/wp\/v2\/tags?post=5556"}],"curies":[{"name":"wp","href":"https:\/\/api.w.org\/{rel}","templated":true}]}}