{"id":5385,"date":"2021-08-26T13:08:53","date_gmt":"2021-08-26T13:08:53","guid":{"rendered":"https:\/\/oeirasdopara.pa.gov.br\/?p=5385"},"modified":"2021-08-26T13:08:53","modified_gmt":"2021-08-26T13:08:53","slug":"pregao-eletronico-no-9-2021-00007","status":"publish","type":"post","link":"https:\/\/oeirasdopara.pa.gov.br\/novo\/pregao-eletronico-no-9-2021-00007\/","title":{"rendered":"PREG\u00c3O ELETR\u00d4NICO N\u00ba 9\/2021-00007"},"content":{"rendered":"<p>OBJETO: CONTRATA\u00c7\u00c3O DE EMPRESA FORNECEDORA DE \u00c1GUA MINERAL E G\u00c1S ENGARRAFADO GLP P13 (G\u00c1S DE COZINHA), EM ATENDIMENTO \u00c0S NECESSIDADES DE OEIRAS DO PAR\u00c1, ATRAV\u00c9S DAS SECRETARIAS E FUNDOS MUNICIPAIS VINCULADOS.<\/p>\n<ul>\n<li><a href=\"http:\/\/oeirasdopara.pa.gov.br\/wp-content\/uploads\/2021\/08\/TERMO-DE-REFERENCIA.pdf\">TERMO DE REFER\u00caNCIA<\/a><\/li>\n<li><a href=\"http:\/\/oeirasdopara.pa.gov.br\/wp-content\/uploads\/2021\/08\/PESQUISA-DE-MERCADO.pdf\">PESQUISA DE MERCADO<\/a><\/li>\n<li><a href=\"http:\/\/oeirasdopara.pa.gov.br\/wp-content\/uploads\/2021\/08\/PARECER-JURIDICO-6.pdf\">PARECER JUR\u00cdDICO <\/a><\/li>\n<li><a href=\"http:\/\/oeirasdopara.pa.gov.br\/wp-content\/uploads\/2021\/08\/MAPA-COMPARATIVO-3.pdf\">MAPA COMPARATIVO <\/a><\/li>\n<li><a href=\"http:\/\/oeirasdopara.pa.gov.br\/wp-content\/uploads\/2021\/08\/MINUTA-DO-CONTRATO.pdf\">MINUTA DO CONTRATO<\/a><\/li>\n<li><a href=\"http:\/\/oeirasdopara.pa.gov.br\/wp-content\/uploads\/2021\/08\/JUSTIFICATIVA-7.pdf\">JUSTIFICATIVA <\/a><\/li>\n<li><a href=\"http:\/\/oeirasdopara.pa.gov.br\/wp-content\/uploads\/2021\/08\/EDITAL-6.pdf\">EDITAL <\/a><\/li>\n<\/ul>\n","protected":false},"excerpt":{"rendered":"<p>OBJETO: CONTRATA\u00c7\u00c3O DE EMPRESA FORNECEDORA DE \u00c1GUA MINERAL E G\u00c1S ENGARRAFADO GLP P13 (G\u00c1S DE COZINHA), EM ATENDIMENTO \u00c0S NECESSIDADES DE OEIRAS DO PAR\u00c1, ATRAV\u00c9S DAS SECRETARIAS E FUNDOS MUNICIPAIS VINCULADOS. TERMO DE REFER\u00caNCIA PESQUISA DE MERCADO PARECER JUR\u00cdDICO MAPA COMPARATIVO MINUTA DO CONTRATO JUSTIFICATIVA EDITAL<\/p>\n","protected":false},"author":6,"featured_media":0,"comment_status":"closed","ping_status":"open","sticky":false,"template":"","format":"standard","meta":{"_seopress_robots_primary_cat":"","_seopress_titles_title":"","_seopress_titles_desc":"","_seopress_robots_index":"","footnotes":""},"categories":[69],"tags":[],"class_list":["post-5385","post","type-post","status-publish","format-standard","hentry","category-editais"],"_links":{"self":[{"href":"https:\/\/oeirasdopara.pa.gov.br\/novo\/wp-json\/wp\/v2\/posts\/5385","targetHints":{"allow":["GET"]}}],"collection":[{"href":"https:\/\/oeirasdopara.pa.gov.br\/novo\/wp-json\/wp\/v2\/posts"}],"about":[{"href":"https:\/\/oeirasdopara.pa.gov.br\/novo\/wp-json\/wp\/v2\/types\/post"}],"author":[{"embeddable":true,"href":"https:\/\/oeirasdopara.pa.gov.br\/novo\/wp-json\/wp\/v2\/users\/6"}],"replies":[{"embeddable":true,"href":"https:\/\/oeirasdopara.pa.gov.br\/novo\/wp-json\/wp\/v2\/comments?post=5385"}],"version-history":[{"count":1,"href":"https:\/\/oeirasdopara.pa.gov.br\/novo\/wp-json\/wp\/v2\/posts\/5385\/revisions"}],"predecessor-version":[{"id":5393,"href":"https:\/\/oeirasdopara.pa.gov.br\/novo\/wp-json\/wp\/v2\/posts\/5385\/revisions\/5393"}],"wp:attachment":[{"href":"https:\/\/oeirasdopara.pa.gov.br\/novo\/wp-json\/wp\/v2\/media?parent=5385"}],"wp:term":[{"taxonomy":"category","embeddable":true,"href":"https:\/\/oeirasdopara.pa.gov.br\/novo\/wp-json\/wp\/v2\/categories?post=5385"},{"taxonomy":"post_tag","embeddable":true,"href":"https:\/\/oeirasdopara.pa.gov.br\/novo\/wp-json\/wp\/v2\/tags?post=5385"}],"curies":[{"name":"wp","href":"https:\/\/api.w.org\/{rel}","templated":true}]}}