{"id":5245,"date":"2021-08-03T13:29:32","date_gmt":"2021-08-03T13:29:32","guid":{"rendered":"https:\/\/oeirasdopara.pa.gov.br\/?p=5245"},"modified":"2021-08-03T13:29:32","modified_gmt":"2021-08-03T13:29:32","slug":"dispensa-de-licitacao-n-7-2021-00017","status":"publish","type":"post","link":"https:\/\/oeirasdopara.pa.gov.br\/novo\/dispensa-de-licitacao-n-7-2021-00017\/","title":{"rendered":"DISPENSA DE LICITA\u00c7\u00c3O N\u00b0 7\/2021-00017"},"content":{"rendered":"<p>OBJETO: AQUISI\u00c7\u00c3O DE MEDICAMENTOS, EQUIPAMENTOS DE PROTE\u00c7\u00c3O INDIVIDUAL (IPI), TESTES R\u00c1PIDO PARA COVID-19, JUNTO \u00c0 SECRETARIA MUNICIPAL DE SA\u00daDE NO MUNIC\u00cdPIO DE OEIRAS DO PAR\u00c1.<\/p>\n<ul>\n<li><a href=\"http:\/\/oeirasdopara.pa.gov.br\/wp-content\/uploads\/2021\/08\/DISPENSA-N\u00b0-7.2021.00017.pdf\">DISPENSA N\u00b0 7\/2021-00017<\/a><\/li>\n<\/ul>\n","protected":false},"excerpt":{"rendered":"<p>OBJETO: AQUISI\u00c7\u00c3O DE MEDICAMENTOS, EQUIPAMENTOS DE PROTE\u00c7\u00c3O INDIVIDUAL (IPI), TESTES R\u00c1PIDO PARA COVID-19, JUNTO \u00c0 SECRETARIA MUNICIPAL DE SA\u00daDE NO MUNIC\u00cdPIO DE OEIRAS DO PAR\u00c1. DISPENSA N\u00b0 7\/2021-00017<\/p>\n","protected":false},"author":6,"featured_media":0,"comment_status":"closed","ping_status":"open","sticky":false,"template":"","format":"standard","meta":{"_seopress_robots_primary_cat":"","_seopress_titles_title":"","_seopress_titles_desc":"","_seopress_robots_index":"","footnotes":""},"categories":[69],"tags":[],"class_list":["post-5245","post","type-post","status-publish","format-standard","hentry","category-editais"],"_links":{"self":[{"href":"https:\/\/oeirasdopara.pa.gov.br\/novo\/wp-json\/wp\/v2\/posts\/5245","targetHints":{"allow":["GET"]}}],"collection":[{"href":"https:\/\/oeirasdopara.pa.gov.br\/novo\/wp-json\/wp\/v2\/posts"}],"about":[{"href":"https:\/\/oeirasdopara.pa.gov.br\/novo\/wp-json\/wp\/v2\/types\/post"}],"author":[{"embeddable":true,"href":"https:\/\/oeirasdopara.pa.gov.br\/novo\/wp-json\/wp\/v2\/users\/6"}],"replies":[{"embeddable":true,"href":"https:\/\/oeirasdopara.pa.gov.br\/novo\/wp-json\/wp\/v2\/comments?post=5245"}],"version-history":[{"count":1,"href":"https:\/\/oeirasdopara.pa.gov.br\/novo\/wp-json\/wp\/v2\/posts\/5245\/revisions"}],"predecessor-version":[{"id":5247,"href":"https:\/\/oeirasdopara.pa.gov.br\/novo\/wp-json\/wp\/v2\/posts\/5245\/revisions\/5247"}],"wp:attachment":[{"href":"https:\/\/oeirasdopara.pa.gov.br\/novo\/wp-json\/wp\/v2\/media?parent=5245"}],"wp:term":[{"taxonomy":"category","embeddable":true,"href":"https:\/\/oeirasdopara.pa.gov.br\/novo\/wp-json\/wp\/v2\/categories?post=5245"},{"taxonomy":"post_tag","embeddable":true,"href":"https:\/\/oeirasdopara.pa.gov.br\/novo\/wp-json\/wp\/v2\/tags?post=5245"}],"curies":[{"name":"wp","href":"https:\/\/api.w.org\/{rel}","templated":true}]}}