{"id":5197,"date":"2021-07-27T14:37:46","date_gmt":"2021-07-27T14:37:46","guid":{"rendered":"https:\/\/oeirasdopara.pa.gov.br\/?p=5197"},"modified":"2021-07-27T14:37:46","modified_gmt":"2021-07-27T14:37:46","slug":"dispensa-de-licitacao-n-7-2021-00013-cpl-pmop","status":"publish","type":"post","link":"https:\/\/oeirasdopara.pa.gov.br\/novo\/dispensa-de-licitacao-n-7-2021-00013-cpl-pmop\/","title":{"rendered":"DISPENSA DE LICITA\u00c7\u00c3O N\u00b0 7\/2021-00013-CPL\/PMOP"},"content":{"rendered":"<p>OBJETO: AQUISI\u00c7\u00c3O DE MEDICAMENTOS, CONFORME DEMADAS EMERGENCIAIS DESTA SECRETARIA DE SA\u00daDE.<\/p>\n<ul>\n<li><a href=\"http:\/\/oeirasdopara.pa.gov.br\/wp-content\/uploads\/2021\/07\/DISPENSA-DE-LICITACAO-N\u00b0-7.2021.00013.pdf\">DISPENSA DE LICITA\u00c7\u00c3O N\u00b0 7\/2021-00013<\/a><\/li>\n<\/ul>\n","protected":false},"excerpt":{"rendered":"<p>OBJETO: AQUISI\u00c7\u00c3O DE MEDICAMENTOS, CONFORME DEMADAS EMERGENCIAIS DESTA SECRETARIA DE SA\u00daDE. DISPENSA DE LICITA\u00c7\u00c3O N\u00b0 7\/2021-00013<\/p>\n","protected":false},"author":6,"featured_media":0,"comment_status":"closed","ping_status":"open","sticky":false,"template":"","format":"standard","meta":{"_seopress_robots_primary_cat":"","_seopress_titles_title":"","_seopress_titles_desc":"","_seopress_robots_index":"","footnotes":""},"categories":[69],"tags":[],"class_list":["post-5197","post","type-post","status-publish","format-standard","hentry","category-editais"],"_links":{"self":[{"href":"https:\/\/oeirasdopara.pa.gov.br\/novo\/wp-json\/wp\/v2\/posts\/5197","targetHints":{"allow":["GET"]}}],"collection":[{"href":"https:\/\/oeirasdopara.pa.gov.br\/novo\/wp-json\/wp\/v2\/posts"}],"about":[{"href":"https:\/\/oeirasdopara.pa.gov.br\/novo\/wp-json\/wp\/v2\/types\/post"}],"author":[{"embeddable":true,"href":"https:\/\/oeirasdopara.pa.gov.br\/novo\/wp-json\/wp\/v2\/users\/6"}],"replies":[{"embeddable":true,"href":"https:\/\/oeirasdopara.pa.gov.br\/novo\/wp-json\/wp\/v2\/comments?post=5197"}],"version-history":[{"count":1,"href":"https:\/\/oeirasdopara.pa.gov.br\/novo\/wp-json\/wp\/v2\/posts\/5197\/revisions"}],"predecessor-version":[{"id":5199,"href":"https:\/\/oeirasdopara.pa.gov.br\/novo\/wp-json\/wp\/v2\/posts\/5197\/revisions\/5199"}],"wp:attachment":[{"href":"https:\/\/oeirasdopara.pa.gov.br\/novo\/wp-json\/wp\/v2\/media?parent=5197"}],"wp:term":[{"taxonomy":"category","embeddable":true,"href":"https:\/\/oeirasdopara.pa.gov.br\/novo\/wp-json\/wp\/v2\/categories?post=5197"},{"taxonomy":"post_tag","embeddable":true,"href":"https:\/\/oeirasdopara.pa.gov.br\/novo\/wp-json\/wp\/v2\/tags?post=5197"}],"curies":[{"name":"wp","href":"https:\/\/api.w.org\/{rel}","templated":true}]}}