{"id":5191,"date":"2021-07-27T14:12:13","date_gmt":"2021-07-27T14:12:13","guid":{"rendered":"https:\/\/oeirasdopara.pa.gov.br\/?p=5191"},"modified":"2021-08-02T15:00:51","modified_gmt":"2021-08-02T15:00:51","slug":"dispensa-de-licitacao-n-7-2021-00012-cpl-pmop","status":"publish","type":"post","link":"https:\/\/oeirasdopara.pa.gov.br\/novo\/dispensa-de-licitacao-n-7-2021-00012-cpl-pmop\/","title":{"rendered":"DISPENSA DE LICITA\u00c7\u00c3O N\u00b0 7\/2021-00012-CPL\/PMOP"},"content":{"rendered":"<p>OBJETO: CONTRATA\u00c7\u00c3O DE EMPRESA PARA PRESTA\u00c7\u00c3O DE SERVI\u00c7OS DE MANUTE\u00c7\u00c3O PREVENTIVA E CORRETIVA DE APARELHOS CONDICIONADORES DE AR, COM REPOSI\u00c7\u00c3O DE PE\u00c7AS PARA ATENDER DE FORMA IMEDIATA AS NECESSIDADES DAS SECRETARIAS\u00a0 MUNICIPAIS REQUISITANTES.<\/p>\n<ul>\n<li><a href=\"http:\/\/oeirasdopara.pa.gov.br\/wp-content\/uploads\/2021\/07\/DISPENSA-N\u00b0-7.2021.00012.pdf\">DISPENSA N\u00b0 7\/2021-00012<\/a><\/li>\n<\/ul>\n","protected":false},"excerpt":{"rendered":"<p>OBJETO: CONTRATA\u00c7\u00c3O DE EMPRESA PARA PRESTA\u00c7\u00c3O DE SERVI\u00c7OS DE MANUTE\u00c7\u00c3O PREVENTIVA E CORRETIVA DE APARELHOS CONDICIONADORES DE AR, COM REPOSI\u00c7\u00c3O DE PE\u00c7AS PARA ATENDER DE FORMA IMEDIATA AS NECESSIDADES DAS SECRETARIAS\u00a0 MUNICIPAIS REQUISITANTES. DISPENSA N\u00b0 7\/2021-00012<\/p>\n","protected":false},"author":6,"featured_media":0,"comment_status":"closed","ping_status":"open","sticky":false,"template":"","format":"standard","meta":{"_seopress_robots_primary_cat":"","_seopress_titles_title":"","_seopress_titles_desc":"","_seopress_robots_index":"","footnotes":""},"categories":[69],"tags":[],"class_list":["post-5191","post","type-post","status-publish","format-standard","hentry","category-editais"],"_links":{"self":[{"href":"https:\/\/oeirasdopara.pa.gov.br\/novo\/wp-json\/wp\/v2\/posts\/5191","targetHints":{"allow":["GET"]}}],"collection":[{"href":"https:\/\/oeirasdopara.pa.gov.br\/novo\/wp-json\/wp\/v2\/posts"}],"about":[{"href":"https:\/\/oeirasdopara.pa.gov.br\/novo\/wp-json\/wp\/v2\/types\/post"}],"author":[{"embeddable":true,"href":"https:\/\/oeirasdopara.pa.gov.br\/novo\/wp-json\/wp\/v2\/users\/6"}],"replies":[{"embeddable":true,"href":"https:\/\/oeirasdopara.pa.gov.br\/novo\/wp-json\/wp\/v2\/comments?post=5191"}],"version-history":[{"count":4,"href":"https:\/\/oeirasdopara.pa.gov.br\/novo\/wp-json\/wp\/v2\/posts\/5191\/revisions"}],"predecessor-version":[{"id":5233,"href":"https:\/\/oeirasdopara.pa.gov.br\/novo\/wp-json\/wp\/v2\/posts\/5191\/revisions\/5233"}],"wp:attachment":[{"href":"https:\/\/oeirasdopara.pa.gov.br\/novo\/wp-json\/wp\/v2\/media?parent=5191"}],"wp:term":[{"taxonomy":"category","embeddable":true,"href":"https:\/\/oeirasdopara.pa.gov.br\/novo\/wp-json\/wp\/v2\/categories?post=5191"},{"taxonomy":"post_tag","embeddable":true,"href":"https:\/\/oeirasdopara.pa.gov.br\/novo\/wp-json\/wp\/v2\/tags?post=5191"}],"curies":[{"name":"wp","href":"https:\/\/api.w.org\/{rel}","templated":true}]}}