{"id":5180,"date":"2021-07-27T13:30:54","date_gmt":"2021-07-27T13:30:54","guid":{"rendered":"https:\/\/oeirasdopara.pa.gov.br\/?p=5180"},"modified":"2021-12-14T14:18:09","modified_gmt":"2021-12-14T14:18:09","slug":"dispensa-de-licitacao-n-7-2021-00010-cpl-pmop","status":"publish","type":"post","link":"https:\/\/oeirasdopara.pa.gov.br\/novo\/dispensa-de-licitacao-n-7-2021-00010-cpl-pmop\/","title":{"rendered":"DISPENSA DE LICITA\u00c7\u00c3O N\u00b0 7\/2021-00010-CPL\/PMOP"},"content":{"rendered":"<p>OBJETO: CONTRATA\u00c7\u00c3O DE EMPRESA FORNECEDORA DE MATERIAS PERMANENTES EM ATENDIMENTO AS NECESSIDADES DA PREFEITURA MUNICIPAL DE OEIRAS DO PAR\u00c1. CONFORME SOLICITA\u00c7\u00c3O DAS SECRETARIAS MUNICIPAIS.<\/p>\n<ul>\n<li><a href=\"http:\/\/oeirasdopara.pa.gov.br\/wp-content\/uploads\/2021\/07\/ATA-DAS-SESSOES-DE-ABERTURA-1.pdf\">ATA DAS SESS\u00d5ES DE ABERTURA <\/a><\/li>\n<li><a href=\"http:\/\/oeirasdopara.pa.gov.br\/wp-content\/uploads\/2021\/07\/ATA-DAS-SESSOES-DE-ABERTURA-2.pdf\">ATA DAS SESS\u00d5ES DE ABERTURA <\/a><\/li>\n<li><a href=\"http:\/\/oeirasdopara.pa.gov.br\/wp-content\/uploads\/2021\/07\/ATA-DAS-SESSOES-DE-JULGAMENTO-1.pdf\">ATA DAS SESS\u00d5ES DE JULGAMENTO<\/a><\/li>\n<li><a href=\"http:\/\/oeirasdopara.pa.gov.br\/wp-content\/uploads\/2021\/07\/ATOS-DE-ADJUDICACAO-1.pdf\">ATOS DE ADJUDICA\u00c7\u00c3O <\/a><\/li>\n<li><a href=\"http:\/\/oeirasdopara.pa.gov.br\/wp-content\/uploads\/2021\/07\/ATOS-DE-HOMOLOGACAO-1.pdf\">ATOS DE HOMOLOGA\u00c7\u00c3O <\/a><\/li>\n<li><a href=\"http:\/\/oeirasdopara.pa.gov.br\/wp-content\/uploads\/2021\/07\/EDITAL-8.pdf\">EDITAL <\/a><\/li>\n<li><a href=\"http:\/\/oeirasdopara.pa.gov.br\/wp-content\/uploads\/2021\/07\/JUSTIFICATIVA-9-1.pdf\">JUSTIFICATIVA <\/a><\/li>\n<li><a href=\"http:\/\/oeirasdopara.pa.gov.br\/wp-content\/uploads\/2021\/07\/MAPA-COMPARATIVO-5.pdf\">MAPA COMPARATIVO <\/a><\/li>\n<li><a href=\"http:\/\/oeirasdopara.pa.gov.br\/wp-content\/uploads\/2021\/07\/MINUTA-DO-CONTRATO-2.pdf\">MINUTA DO CONTRATO <\/a><\/li>\n<li><a href=\"http:\/\/oeirasdopara.pa.gov.br\/wp-content\/uploads\/2021\/07\/PARECER-JURIDICO-EDITAL-1.pdf\">PARECER JURIDICO EDITAL <\/a><\/li>\n<li><a href=\"http:\/\/oeirasdopara.pa.gov.br\/wp-content\/uploads\/2021\/07\/PESQUISA-DE-MERCADO-2.pdf\">PESQUISA DE MERCADO <\/a><\/li>\n<li><a href=\"http:\/\/oeirasdopara.pa.gov.br\/wp-content\/uploads\/2021\/07\/TERMO-DE-REFERENCIA-3.pdf\">TERMO DE REFER\u00caNCIA <\/a><\/li>\n<\/ul>\n","protected":false},"excerpt":{"rendered":"<p>OBJETO: CONTRATA\u00c7\u00c3O DE EMPRESA FORNECEDORA DE MATERIAS PERMANENTES EM ATENDIMENTO AS NECESSIDADES DA PREFEITURA MUNICIPAL DE OEIRAS DO PAR\u00c1. CONFORME SOLICITA\u00c7\u00c3O DAS SECRETARIAS MUNICIPAIS. ATA DAS SESS\u00d5ES DE ABERTURA ATA DAS SESS\u00d5ES DE ABERTURA ATA DAS SESS\u00d5ES DE JULGAMENTO ATOS DE ADJUDICA\u00c7\u00c3O ATOS DE HOMOLOGA\u00c7\u00c3O EDITAL JUSTIFICATIVA MAPA COMPARATIVO MINUTA DO CONTRATO PARECER JURIDICO EDITAL [&hellip;]<\/p>\n","protected":false},"author":6,"featured_media":0,"comment_status":"closed","ping_status":"open","sticky":false,"template":"","format":"standard","meta":{"_seopress_robots_primary_cat":"","_seopress_titles_title":"","_seopress_titles_desc":"","_seopress_robots_index":"","footnotes":""},"categories":[69],"tags":[],"class_list":["post-5180","post","type-post","status-publish","format-standard","hentry","category-editais"],"_links":{"self":[{"href":"https:\/\/oeirasdopara.pa.gov.br\/novo\/wp-json\/wp\/v2\/posts\/5180","targetHints":{"allow":["GET"]}}],"collection":[{"href":"https:\/\/oeirasdopara.pa.gov.br\/novo\/wp-json\/wp\/v2\/posts"}],"about":[{"href":"https:\/\/oeirasdopara.pa.gov.br\/novo\/wp-json\/wp\/v2\/types\/post"}],"author":[{"embeddable":true,"href":"https:\/\/oeirasdopara.pa.gov.br\/novo\/wp-json\/wp\/v2\/users\/6"}],"replies":[{"embeddable":true,"href":"https:\/\/oeirasdopara.pa.gov.br\/novo\/wp-json\/wp\/v2\/comments?post=5180"}],"version-history":[{"count":7,"href":"https:\/\/oeirasdopara.pa.gov.br\/novo\/wp-json\/wp\/v2\/posts\/5180\/revisions"}],"predecessor-version":[{"id":6124,"href":"https:\/\/oeirasdopara.pa.gov.br\/novo\/wp-json\/wp\/v2\/posts\/5180\/revisions\/6124"}],"wp:attachment":[{"href":"https:\/\/oeirasdopara.pa.gov.br\/novo\/wp-json\/wp\/v2\/media?parent=5180"}],"wp:term":[{"taxonomy":"category","embeddable":true,"href":"https:\/\/oeirasdopara.pa.gov.br\/novo\/wp-json\/wp\/v2\/categories?post=5180"},{"taxonomy":"post_tag","embeddable":true,"href":"https:\/\/oeirasdopara.pa.gov.br\/novo\/wp-json\/wp\/v2\/tags?post=5180"}],"curies":[{"name":"wp","href":"https:\/\/api.w.org\/{rel}","templated":true}]}}