{"id":5109,"date":"2021-07-13T13:19:32","date_gmt":"2021-07-13T13:19:32","guid":{"rendered":"https:\/\/oeirasdopara.pa.gov.br\/?p=5109"},"modified":"2021-12-14T14:24:52","modified_gmt":"2021-12-14T14:24:52","slug":"pregao-eletronico-srp-no-9-2021-00005-cpl-pmop","status":"publish","type":"post","link":"https:\/\/oeirasdopara.pa.gov.br\/novo\/pregao-eletronico-srp-no-9-2021-00005-cpl-pmop\/","title":{"rendered":"PREG\u00c3O ELETRONICO SRP N\u00ba 9\/2021-00005 &#8211; CPL\/PMOP"},"content":{"rendered":"<p>OBJETO: CONTRATA\u00c7\u00c3O DE EMPRESA FORNECEDORA DE MATERIAIS DE EXPEDIENTE E DID\u00c1TICOS PEDAG\u00d3GICOS, EM ATENDIMENTO AS NECESSIDADES DA PREFEITURA DE OEIRAS DO PAR\u00c1, ATRAVES DAS SECRETARIAS E FUNDOS MUNICIPAIS VINCULADOS.<\/p>\n<ul>\n<li><a href=\"http:\/\/oeirasdopara.pa.gov.br\/wp-content\/uploads\/2021\/07\/ATA-DAS-SESSOES-DE-ABERTURA-1-1.pdf\">ATA DAS SESS\u00d5ES DE ABERTURA<\/a><\/li>\n<li><a href=\"http:\/\/oeirasdopara.pa.gov.br\/wp-content\/uploads\/2021\/07\/ATA-DAS-SESSOES-DE-JULGAMENTO-1-1.pdf\">ATA DAS SESS\u00d5ES DE JULGAMENTO <\/a><\/li>\n<li><a href=\"http:\/\/oeirasdopara.pa.gov.br\/wp-content\/uploads\/2021\/07\/ATA-DE-REGISTRO-DE-PRECO-2.pdf\">ATA DE REGISTRO DE PRE\u00c7O <\/a><\/li>\n<li><a href=\"http:\/\/oeirasdopara.pa.gov.br\/wp-content\/uploads\/2021\/07\/ATOS-DE-ADJUDICACAO-1-1.pdf\">ATOS DE ADJUDICA\u00c7\u00c3O <\/a><\/li>\n<li><a href=\"http:\/\/oeirasdopara.pa.gov.br\/wp-content\/uploads\/2021\/07\/ATOS-DE-HOMOLOGACAO-1-2.pdf\">ATOS DE HOMOLOGA\u00c7\u00c3O <\/a><\/li>\n<li><a href=\"http:\/\/oeirasdopara.pa.gov.br\/wp-content\/uploads\/2021\/07\/EDITAL-7.pdf\">EDITAL <\/a><\/li>\n<li><a href=\"http:\/\/oeirasdopara.pa.gov.br\/wp-content\/uploads\/2021\/07\/JUSTIFICATIVA-9.pdf\">JUSTIFICATIVA <\/a><\/li>\n<li><a href=\"http:\/\/oeirasdopara.pa.gov.br\/wp-content\/uploads\/2021\/07\/MAPA-COMPARATIVO-4.pdf\">MAPA COMPARATIVO <\/a><\/li>\n<li><a href=\"http:\/\/oeirasdopara.pa.gov.br\/wp-content\/uploads\/2021\/07\/MINUTA-DO-CONTRATO-1.pdf\">MINUTA DO CONTRATO <\/a><\/li>\n<li><a href=\"http:\/\/oeirasdopara.pa.gov.br\/wp-content\/uploads\/2021\/07\/PESQUISA-DE-MERCADO-1.pdf\">PESQUISA DE MERCADO <\/a><\/li>\n<li><a href=\"http:\/\/oeirasdopara.pa.gov.br\/wp-content\/uploads\/2021\/07\/TERMO-DE-REFERENCIA-2.pdf\">TERMO DE REFER\u00caNCIA <\/a><\/li>\n<\/ul>\n","protected":false},"excerpt":{"rendered":"<p>OBJETO: CONTRATA\u00c7\u00c3O DE EMPRESA FORNECEDORA DE MATERIAIS DE EXPEDIENTE E DID\u00c1TICOS PEDAG\u00d3GICOS, EM ATENDIMENTO AS NECESSIDADES DA PREFEITURA DE OEIRAS DO PAR\u00c1, ATRAVES DAS SECRETARIAS E FUNDOS MUNICIPAIS VINCULADOS. ATA DAS SESS\u00d5ES DE ABERTURA ATA DAS SESS\u00d5ES DE JULGAMENTO ATA DE REGISTRO DE PRE\u00c7O ATOS DE ADJUDICA\u00c7\u00c3O ATOS DE HOMOLOGA\u00c7\u00c3O EDITAL JUSTIFICATIVA MAPA COMPARATIVO MINUTA [&hellip;]<\/p>\n","protected":false},"author":6,"featured_media":0,"comment_status":"closed","ping_status":"open","sticky":false,"template":"","format":"standard","meta":{"_seopress_robots_primary_cat":"","_seopress_titles_title":"","_seopress_titles_desc":"","_seopress_robots_index":"","footnotes":""},"categories":[69],"tags":[],"class_list":["post-5109","post","type-post","status-publish","format-standard","hentry","category-editais"],"_links":{"self":[{"href":"https:\/\/oeirasdopara.pa.gov.br\/novo\/wp-json\/wp\/v2\/posts\/5109","targetHints":{"allow":["GET"]}}],"collection":[{"href":"https:\/\/oeirasdopara.pa.gov.br\/novo\/wp-json\/wp\/v2\/posts"}],"about":[{"href":"https:\/\/oeirasdopara.pa.gov.br\/novo\/wp-json\/wp\/v2\/types\/post"}],"author":[{"embeddable":true,"href":"https:\/\/oeirasdopara.pa.gov.br\/novo\/wp-json\/wp\/v2\/users\/6"}],"replies":[{"embeddable":true,"href":"https:\/\/oeirasdopara.pa.gov.br\/novo\/wp-json\/wp\/v2\/comments?post=5109"}],"version-history":[{"count":5,"href":"https:\/\/oeirasdopara.pa.gov.br\/novo\/wp-json\/wp\/v2\/posts\/5109\/revisions"}],"predecessor-version":[{"id":6131,"href":"https:\/\/oeirasdopara.pa.gov.br\/novo\/wp-json\/wp\/v2\/posts\/5109\/revisions\/6131"}],"wp:attachment":[{"href":"https:\/\/oeirasdopara.pa.gov.br\/novo\/wp-json\/wp\/v2\/media?parent=5109"}],"wp:term":[{"taxonomy":"category","embeddable":true,"href":"https:\/\/oeirasdopara.pa.gov.br\/novo\/wp-json\/wp\/v2\/categories?post=5109"},{"taxonomy":"post_tag","embeddable":true,"href":"https:\/\/oeirasdopara.pa.gov.br\/novo\/wp-json\/wp\/v2\/tags?post=5109"}],"curies":[{"name":"wp","href":"https:\/\/api.w.org\/{rel}","templated":true}]}}