{"id":5089,"date":"2021-07-12T17:44:20","date_gmt":"2021-07-12T17:44:20","guid":{"rendered":"https:\/\/oeirasdopara.pa.gov.br\/?p=5089"},"modified":"2025-09-26T10:53:15","modified_gmt":"2025-09-26T13:53:15","slug":"edital-de-convocacao-para-audiencia-publica-on-line","status":"publish","type":"post","link":"https:\/\/oeirasdopara.pa.gov.br\/novo\/edital-de-convocacao-para-audiencia-publica-on-line\/","title":{"rendered":"EDITAL DE CONVOCA\u00c7\u00c3O PARA AUDI\u00caNCIA P\u00daBLICA ON-LINE"},"content":{"rendered":"<p>EDITAL DE CONVOCA\u00c7\u00c3O PARA AUDI\u00caNCIA P\u00daBLICA ON-LINE DE ATUALIZA\u00c7\u00d5ES DA REDA\u00c7\u00c3O DAS ESTRAT\u00c9GIAS DO PLANO MUNICIPAL DE EDUCA\u00c7\u00c3O (PME) DE OEIRAS DO PAR\u00c1\/PA.<\/p>\n<ul>\n<li><a href=\"http:\/\/oeirasdopara.pa.gov.br\/wp-content\/uploads\/2021\/07\/EDITAL-DE-CONVOCACAO-AUDIENCIA-PUBLICA-DE-ATUALIZACOES-DA-REDACAO-DAS-ESTRATEGIAS-DO-PME-1.pdf\">BAIXAR LEI<\/a><\/li>\n<\/ul>\n","protected":false},"excerpt":{"rendered":"<p>EDITAL DE CONVOCA\u00c7\u00c3O PARA AUDI\u00caNCIA P\u00daBLICA ON-LINE DE ATUALIZA\u00c7\u00d5ES DA REDA\u00c7\u00c3O DAS ESTRAT\u00c9GIAS DO PLANO MUNICIPAL DE EDUCA\u00c7\u00c3O (PME) DE OEIRAS DO PAR\u00c1\/PA. BAIXAR LEI<\/p>\n","protected":false},"author":6,"featured_media":0,"comment_status":"closed","ping_status":"open","sticky":false,"template":"","format":"standard","meta":{"_seopress_robots_primary_cat":"none","_seopress_titles_title":"","_seopress_titles_desc":"","_seopress_robots_index":"","footnotes":""},"categories":[69],"tags":[],"class_list":["post-5089","post","type-post","status-publish","format-standard","hentry","category-editais"],"_links":{"self":[{"href":"https:\/\/oeirasdopara.pa.gov.br\/novo\/wp-json\/wp\/v2\/posts\/5089","targetHints":{"allow":["GET"]}}],"collection":[{"href":"https:\/\/oeirasdopara.pa.gov.br\/novo\/wp-json\/wp\/v2\/posts"}],"about":[{"href":"https:\/\/oeirasdopara.pa.gov.br\/novo\/wp-json\/wp\/v2\/types\/post"}],"author":[{"embeddable":true,"href":"https:\/\/oeirasdopara.pa.gov.br\/novo\/wp-json\/wp\/v2\/users\/6"}],"replies":[{"embeddable":true,"href":"https:\/\/oeirasdopara.pa.gov.br\/novo\/wp-json\/wp\/v2\/comments?post=5089"}],"version-history":[{"count":4,"href":"https:\/\/oeirasdopara.pa.gov.br\/novo\/wp-json\/wp\/v2\/posts\/5089\/revisions"}],"predecessor-version":[{"id":13058,"href":"https:\/\/oeirasdopara.pa.gov.br\/novo\/wp-json\/wp\/v2\/posts\/5089\/revisions\/13058"}],"wp:attachment":[{"href":"https:\/\/oeirasdopara.pa.gov.br\/novo\/wp-json\/wp\/v2\/media?parent=5089"}],"wp:term":[{"taxonomy":"category","embeddable":true,"href":"https:\/\/oeirasdopara.pa.gov.br\/novo\/wp-json\/wp\/v2\/categories?post=5089"},{"taxonomy":"post_tag","embeddable":true,"href":"https:\/\/oeirasdopara.pa.gov.br\/novo\/wp-json\/wp\/v2\/tags?post=5089"}],"curies":[{"name":"wp","href":"https:\/\/api.w.org\/{rel}","templated":true}]}}