{"id":5059,"date":"2021-07-12T12:39:03","date_gmt":"2021-07-12T12:39:03","guid":{"rendered":"https:\/\/oeirasdopara.pa.gov.br\/?p=5059"},"modified":"2021-07-20T15:23:50","modified_gmt":"2021-07-20T15:23:50","slug":"inexigibilidade-de-licitacao-no-6-2021-00015-cpl-pmop","status":"publish","type":"post","link":"https:\/\/oeirasdopara.pa.gov.br\/novo\/inexigibilidade-de-licitacao-no-6-2021-00015-cpl-pmop\/","title":{"rendered":"DISPENSA DE LICITA\u00c7\u00c3O N\u00ba 7\/2021-00015 &#8211; CPL\/PMOP"},"content":{"rendered":"<p>OBJETO: LOCA\u00c7\u00c3O DE IM\u00d3VEL PARA HOSPEDAR PACIENTES E SEUS ACOMPANHANTES VINDOS DO MUNICIPIO DE OEIRAS DO PAR\u00c1 PARA TRATAMENTO M\u00c9DICO ESPECIALIZADO DE LONDO E CURTO PRAZO, LOCALIZADO NA RADIONAL II, QUADRA G, N\u00ba14, ALTOS, BAIRRO CONDOR-BEL\u00c9M DO PAR\u00c1.<\/p>\n<ul>\n<li><a href=\"http:\/\/oeirasdopara.pa.gov.br\/wp-content\/uploads\/2021\/07\/RAZAO-DA-ESCOLHA-DO-FORNECEDOR-OU-EXERCUTANTE-1.pdf\">RAZ\u00c3O DA ESCOLHA DO FORNECEDOR OU EXERCUTANTE <\/a><\/li>\n<li><a href=\"http:\/\/oeirasdopara.pa.gov.br\/wp-content\/uploads\/2021\/07\/RATIFICACAO-DA-AUTORIDADE-1.pdf\">RATIFICA\u00c7\u00c3O DA AUTORIDADE <\/a><\/li>\n<li><a href=\"http:\/\/oeirasdopara.pa.gov.br\/wp-content\/uploads\/2021\/07\/PARECER-JURIDICO-1.pdf\">PARECER JURIDICO <\/a><\/li>\n<li><a href=\"http:\/\/oeirasdopara.pa.gov.br\/wp-content\/uploads\/2021\/07\/PARECER-CONTROLE-INTERNO-1.pdf\">PARECER CONTROLE INTERNO <\/a><\/li>\n<li><a href=\"http:\/\/oeirasdopara.pa.gov.br\/wp-content\/uploads\/2021\/07\/JUSTIFICATIVA-DO-PRECO-PROPOSTA-1.pdf\">JUSTIFICATIVA DO PRE\u00c7O PROPOSTA <\/a><\/li>\n<li><a href=\"http:\/\/oeirasdopara.pa.gov.br\/wp-content\/uploads\/2021\/07\/JUSTIFICATIVA-4.pdf\">JUSTIFICATIVA <\/a><\/li>\n<li><a href=\"http:\/\/oeirasdopara.pa.gov.br\/wp-content\/uploads\/2021\/07\/DOCUMENTO-QUE-CARACTERIZE.pdf\">DOCUMENTO QUE CARACTERIZE<\/a><\/li>\n<li><a href=\"http:\/\/oeirasdopara.pa.gov.br\/wp-content\/uploads\/2021\/07\/AVALIACAO-PREVIA-DO-IMOVEL.pdf\">AVALIA\u00c7\u00c3O PR\u00c9VIA DO IM\u00d3VEL<\/a><\/li>\n<\/ul>\n","protected":false},"excerpt":{"rendered":"<p>OBJETO: LOCA\u00c7\u00c3O DE IM\u00d3VEL PARA HOSPEDAR PACIENTES E SEUS ACOMPANHANTES VINDOS DO MUNICIPIO DE OEIRAS DO PAR\u00c1 PARA TRATAMENTO M\u00c9DICO ESPECIALIZADO DE LONDO E CURTO PRAZO, LOCALIZADO NA RADIONAL II, QUADRA G, N\u00ba14, ALTOS, BAIRRO CONDOR-BEL\u00c9M DO PAR\u00c1. RAZ\u00c3O DA ESCOLHA DO FORNECEDOR OU EXERCUTANTE RATIFICA\u00c7\u00c3O DA AUTORIDADE PARECER JURIDICO PARECER CONTROLE INTERNO JUSTIFICATIVA DO [&hellip;]<\/p>\n","protected":false},"author":6,"featured_media":0,"comment_status":"closed","ping_status":"open","sticky":false,"template":"","format":"standard","meta":{"_seopress_robots_primary_cat":"","_seopress_titles_title":"","_seopress_titles_desc":"","_seopress_robots_index":"","footnotes":""},"categories":[69],"tags":[],"class_list":["post-5059","post","type-post","status-publish","format-standard","hentry","category-editais"],"_links":{"self":[{"href":"https:\/\/oeirasdopara.pa.gov.br\/novo\/wp-json\/wp\/v2\/posts\/5059","targetHints":{"allow":["GET"]}}],"collection":[{"href":"https:\/\/oeirasdopara.pa.gov.br\/novo\/wp-json\/wp\/v2\/posts"}],"about":[{"href":"https:\/\/oeirasdopara.pa.gov.br\/novo\/wp-json\/wp\/v2\/types\/post"}],"author":[{"embeddable":true,"href":"https:\/\/oeirasdopara.pa.gov.br\/novo\/wp-json\/wp\/v2\/users\/6"}],"replies":[{"embeddable":true,"href":"https:\/\/oeirasdopara.pa.gov.br\/novo\/wp-json\/wp\/v2\/comments?post=5059"}],"version-history":[{"count":3,"href":"https:\/\/oeirasdopara.pa.gov.br\/novo\/wp-json\/wp\/v2\/posts\/5059\/revisions"}],"predecessor-version":[{"id":5147,"href":"https:\/\/oeirasdopara.pa.gov.br\/novo\/wp-json\/wp\/v2\/posts\/5059\/revisions\/5147"}],"wp:attachment":[{"href":"https:\/\/oeirasdopara.pa.gov.br\/novo\/wp-json\/wp\/v2\/media?parent=5059"}],"wp:term":[{"taxonomy":"category","embeddable":true,"href":"https:\/\/oeirasdopara.pa.gov.br\/novo\/wp-json\/wp\/v2\/categories?post=5059"},{"taxonomy":"post_tag","embeddable":true,"href":"https:\/\/oeirasdopara.pa.gov.br\/novo\/wp-json\/wp\/v2\/tags?post=5059"}],"curies":[{"name":"wp","href":"https:\/\/api.w.org\/{rel}","templated":true}]}}