{"id":4945,"date":"2021-06-29T14:52:37","date_gmt":"2021-06-29T14:52:37","guid":{"rendered":"https:\/\/oeirasdopara.pa.gov.br\/?p=4945"},"modified":"2021-08-25T14:18:44","modified_gmt":"2021-08-25T14:18:44","slug":"pregao-eletronico-srp-no-9-2021-00004-cpl-pmop","status":"publish","type":"post","link":"https:\/\/oeirasdopara.pa.gov.br\/novo\/pregao-eletronico-srp-no-9-2021-00004-cpl-pmop\/","title":{"rendered":"PREG\u00c3O ELETR\u00d4NICO SRP N\u00ba 9\/2021-00004 &#8211; CPL\/PMOP"},"content":{"rendered":"<p>OBJETO: CONTRATA\u00c7\u00c3O DE EMPRESA FORNECEDORA DE G\u00caNEROS ALIMENTICIOS DIVERSOS, EM ATENDIMENTO AS NECESSIDADES DA PREFEITURA DE OEIRAS DO PAR\u00c1, ATRAVES DAS SECRETARIAS E FUNDOS MUNICIPAIS VINCULADOS.<\/p>\n<ul>\n<li><a href=\"http:\/\/oeirasdopara.pa.gov.br\/wp-content\/uploads\/2021\/06\/TERMO-DE-REFERENCIA.pdf\">TERMO DE REFERENCIA<\/a><\/li>\n<li><a href=\"http:\/\/oeirasdopara.pa.gov.br\/wp-content\/uploads\/2021\/06\/PESQUISA-DE-PRECO.pdf\">PESQUISA DE PRE\u00c7O<\/a><\/li>\n<li><a href=\"http:\/\/oeirasdopara.pa.gov.br\/wp-content\/uploads\/2021\/06\/PARECER-JURIDICO-3.pdf\">PARECER JUR\u00cdDICO <\/a><\/li>\n<li><a href=\"http:\/\/oeirasdopara.pa.gov.br\/wp-content\/uploads\/2021\/06\/MAPA-COMPARATIVO.pdf\">MAPA COMPARATIVO<\/a><\/li>\n<li><a href=\"http:\/\/oeirasdopara.pa.gov.br\/wp-content\/uploads\/2021\/06\/MINUTA-DE-CONTRATO.pdf\">MINUTA DE CONTRATO<\/a><\/li>\n<li><a href=\"http:\/\/oeirasdopara.pa.gov.br\/wp-content\/uploads\/2021\/06\/JUSTIFICATIVA-2.pdf\">JUSTIFICATIVA <\/a><\/li>\n<li><a href=\"http:\/\/oeirasdopara.pa.gov.br\/wp-content\/uploads\/2021\/06\/EDITAL.pdf\">EDITAL<\/a><\/li>\n<li><a href=\"http:\/\/oeirasdopara.pa.gov.br\/wp-content\/uploads\/2021\/06\/PARECER-CONTROLE-INTERNO-3.pdf\">PARECER CONTROLE INTERNO <\/a><\/li>\n<li><a href=\"http:\/\/oeirasdopara.pa.gov.br\/wp-content\/uploads\/2021\/06\/ATA-DE-REGISTRO-DE-PRECO.pdf\">ATA DE REGISTRO DE PRE\u00c7O<\/a><\/li>\n<li><a href=\"http:\/\/oeirasdopara.pa.gov.br\/wp-content\/uploads\/2021\/06\/ATA-DAS-SESSOES-DE-ABERTURA.pdf\">ATA DAS SESS\u00d5ES DE ABERTURA<\/a><\/li>\n<li><a href=\"http:\/\/oeirasdopara.pa.gov.br\/wp-content\/uploads\/2021\/06\/ATA-DAS-SESSOES-DE-JULGAMENTO.pdf\">ATA DAS SESS\u00d5ES DE JULGAMENTO<\/a><\/li>\n<li><a href=\"http:\/\/oeirasdopara.pa.gov.br\/wp-content\/uploads\/2021\/06\/ATOS-DE-ADJUDICACAO.pdf\">ATOS DE ADJUDICA\u00c7\u00c3O<\/a><\/li>\n<li><a href=\"http:\/\/oeirasdopara.pa.gov.br\/wp-content\/uploads\/2021\/06\/ATOS-DE-HOMOLOGACAO.pdf\">ATOS DE HOMOLOGA\u00c7\u00c3O<\/a><\/li>\n<\/ul>\n","protected":false},"excerpt":{"rendered":"<p>OBJETO: CONTRATA\u00c7\u00c3O DE EMPRESA FORNECEDORA DE G\u00caNEROS ALIMENTICIOS DIVERSOS, EM ATENDIMENTO AS NECESSIDADES DA PREFEITURA DE OEIRAS DO PAR\u00c1, ATRAVES DAS SECRETARIAS E FUNDOS MUNICIPAIS VINCULADOS. TERMO DE REFERENCIA PESQUISA DE PRE\u00c7O PARECER JUR\u00cdDICO MAPA COMPARATIVO MINUTA DE CONTRATO JUSTIFICATIVA EDITAL PARECER CONTROLE INTERNO ATA DE REGISTRO DE PRE\u00c7O ATA DAS SESS\u00d5ES DE ABERTURA ATA [&hellip;]<\/p>\n","protected":false},"author":6,"featured_media":0,"comment_status":"closed","ping_status":"open","sticky":false,"template":"","format":"standard","meta":{"_seopress_robots_primary_cat":"","_seopress_titles_title":"","_seopress_titles_desc":"","_seopress_robots_index":"","footnotes":""},"categories":[69],"tags":[],"class_list":["post-4945","post","type-post","status-publish","format-standard","hentry","category-editais"],"_links":{"self":[{"href":"https:\/\/oeirasdopara.pa.gov.br\/novo\/wp-json\/wp\/v2\/posts\/4945","targetHints":{"allow":["GET"]}}],"collection":[{"href":"https:\/\/oeirasdopara.pa.gov.br\/novo\/wp-json\/wp\/v2\/posts"}],"about":[{"href":"https:\/\/oeirasdopara.pa.gov.br\/novo\/wp-json\/wp\/v2\/types\/post"}],"author":[{"embeddable":true,"href":"https:\/\/oeirasdopara.pa.gov.br\/novo\/wp-json\/wp\/v2\/users\/6"}],"replies":[{"embeddable":true,"href":"https:\/\/oeirasdopara.pa.gov.br\/novo\/wp-json\/wp\/v2\/comments?post=4945"}],"version-history":[{"count":3,"href":"https:\/\/oeirasdopara.pa.gov.br\/novo\/wp-json\/wp\/v2\/posts\/4945\/revisions"}],"predecessor-version":[{"id":5384,"href":"https:\/\/oeirasdopara.pa.gov.br\/novo\/wp-json\/wp\/v2\/posts\/4945\/revisions\/5384"}],"wp:attachment":[{"href":"https:\/\/oeirasdopara.pa.gov.br\/novo\/wp-json\/wp\/v2\/media?parent=4945"}],"wp:term":[{"taxonomy":"category","embeddable":true,"href":"https:\/\/oeirasdopara.pa.gov.br\/novo\/wp-json\/wp\/v2\/categories?post=4945"},{"taxonomy":"post_tag","embeddable":true,"href":"https:\/\/oeirasdopara.pa.gov.br\/novo\/wp-json\/wp\/v2\/tags?post=4945"}],"curies":[{"name":"wp","href":"https:\/\/api.w.org\/{rel}","templated":true}]}}