{"id":4742,"date":"2021-06-04T12:35:57","date_gmt":"2021-06-04T12:35:57","guid":{"rendered":"https:\/\/oeirasdopara.pa.gov.br\/?p=4742"},"modified":"2021-06-04T12:41:01","modified_gmt":"2021-06-04T12:41:01","slug":"dispensa-de-licitacao-no-7-2021-00008-cpl-pmop","status":"publish","type":"post","link":"https:\/\/oeirasdopara.pa.gov.br\/novo\/dispensa-de-licitacao-no-7-2021-00008-cpl-pmop\/","title":{"rendered":"DISPENSA DE LICITA\u00c7\u00c3O N\u00ba 7\/2021-00008 &#8211; CPL\/PMOP"},"content":{"rendered":"<p>OBJETO: LOCA\u00c7\u00c3O DE IMOV\u00c9L, PARA FINS DE FUNCIONAMENTO DE 01 (UM) POSTO DE SA\u00daDE\/PSF, LOCALIZADO NA RUA CORONEL VICTOR BASTOS- MUNIC\u00cdPIO DE OEIRAS DO PAR\u00c1.<\/p>\n<ul>\n<li><a href=\"http:\/\/oeirasdopara.pa.gov.br\/wp-content\/uploads\/2021\/06\/RAZAO-DA-ESCOLHA-DO-EXECUTANTE.pdf\">RAZ\u00c3O DA ESCOLHA DO EXECUTANTE<\/a><\/li>\n<li><a href=\"http:\/\/oeirasdopara.pa.gov.br\/wp-content\/uploads\/2021\/06\/TERMO-DE-RATIFICACAO.pdf\">TERMO DE RATIFICA\u00c7\u00c3O<\/a><\/li>\n<li><a href=\"http:\/\/oeirasdopara.pa.gov.br\/wp-content\/uploads\/2021\/06\/PARECER-JURIDICO-2.pdf\">PARECER JUR\u00cdDICO <\/a><\/li>\n<li><a href=\"http:\/\/oeirasdopara.pa.gov.br\/wp-content\/uploads\/2021\/06\/PARECER-DO-CONTROLE-INTERNO.pdf\">PARECER DO CONTROLE INTERNO<\/a><\/li>\n<li><a href=\"http:\/\/oeirasdopara.pa.gov.br\/wp-content\/uploads\/2021\/06\/JUSTIFICATIVA-DO-PRECO.pdf\">JUSTIFICATIVA DO PRE\u00c7O<\/a><\/li>\n<li><a href=\"http:\/\/oeirasdopara.pa.gov.br\/wp-content\/uploads\/2021\/06\/JUSTIFICATIVA-PARA-CONTRATACAO.pdf\">JUSTIFICATIVA PARA CONTRATA\u00c7\u00c3O<\/a><\/li>\n<li><a href=\"http:\/\/oeirasdopara.pa.gov.br\/wp-content\/uploads\/2021\/06\/SOLICITACAO-PARA-CONTRATACAO.pdf\">SOLICITA\u00c7\u00c3O PARA CONTRATA\u00c7\u00c3O<\/a><\/li>\n<li><a href=\"http:\/\/oeirasdopara.pa.gov.br\/wp-content\/uploads\/2021\/06\/LAUDO-DE-VISTORIA-E-AVALIACAO-PREVIA.pdf\">LAUDO DE VISTORIA E AVALIA\u00c7\u00c3O PR\u00c9VIA<\/a><\/li>\n<\/ul>\n","protected":false},"excerpt":{"rendered":"<p>OBJETO: LOCA\u00c7\u00c3O DE IMOV\u00c9L, PARA FINS DE FUNCIONAMENTO DE 01 (UM) POSTO DE SA\u00daDE\/PSF, LOCALIZADO NA RUA CORONEL VICTOR BASTOS- MUNIC\u00cdPIO DE OEIRAS DO PAR\u00c1. RAZ\u00c3O DA ESCOLHA DO EXECUTANTE TERMO DE RATIFICA\u00c7\u00c3O PARECER JUR\u00cdDICO PARECER DO CONTROLE INTERNO JUSTIFICATIVA DO PRE\u00c7O JUSTIFICATIVA PARA CONTRATA\u00c7\u00c3O SOLICITA\u00c7\u00c3O PARA CONTRATA\u00c7\u00c3O LAUDO DE VISTORIA E AVALIA\u00c7\u00c3O PR\u00c9VIA<\/p>\n","protected":false},"author":6,"featured_media":0,"comment_status":"closed","ping_status":"open","sticky":false,"template":"","format":"standard","meta":{"_seopress_robots_primary_cat":"","_seopress_titles_title":"","_seopress_titles_desc":"","_seopress_robots_index":"","footnotes":""},"categories":[69],"tags":[],"class_list":["post-4742","post","type-post","status-publish","format-standard","hentry","category-editais"],"_links":{"self":[{"href":"https:\/\/oeirasdopara.pa.gov.br\/novo\/wp-json\/wp\/v2\/posts\/4742","targetHints":{"allow":["GET"]}}],"collection":[{"href":"https:\/\/oeirasdopara.pa.gov.br\/novo\/wp-json\/wp\/v2\/posts"}],"about":[{"href":"https:\/\/oeirasdopara.pa.gov.br\/novo\/wp-json\/wp\/v2\/types\/post"}],"author":[{"embeddable":true,"href":"https:\/\/oeirasdopara.pa.gov.br\/novo\/wp-json\/wp\/v2\/users\/6"}],"replies":[{"embeddable":true,"href":"https:\/\/oeirasdopara.pa.gov.br\/novo\/wp-json\/wp\/v2\/comments?post=4742"}],"version-history":[{"count":2,"href":"https:\/\/oeirasdopara.pa.gov.br\/novo\/wp-json\/wp\/v2\/posts\/4742\/revisions"}],"predecessor-version":[{"id":4752,"href":"https:\/\/oeirasdopara.pa.gov.br\/novo\/wp-json\/wp\/v2\/posts\/4742\/revisions\/4752"}],"wp:attachment":[{"href":"https:\/\/oeirasdopara.pa.gov.br\/novo\/wp-json\/wp\/v2\/media?parent=4742"}],"wp:term":[{"taxonomy":"category","embeddable":true,"href":"https:\/\/oeirasdopara.pa.gov.br\/novo\/wp-json\/wp\/v2\/categories?post=4742"},{"taxonomy":"post_tag","embeddable":true,"href":"https:\/\/oeirasdopara.pa.gov.br\/novo\/wp-json\/wp\/v2\/tags?post=4742"}],"curies":[{"name":"wp","href":"https:\/\/api.w.org\/{rel}","templated":true}]}}