{"id":4709,"date":"2021-05-24T14:54:35","date_gmt":"2021-05-24T14:54:35","guid":{"rendered":"https:\/\/oeirasdopara.pa.gov.br\/?p=4709"},"modified":"2021-05-24T15:09:08","modified_gmt":"2021-05-24T15:09:08","slug":"1-2021-00002-cpl-pmop-convite","status":"publish","type":"post","link":"https:\/\/oeirasdopara.pa.gov.br\/novo\/1-2021-00002-cpl-pmop-convite\/","title":{"rendered":"1\/2021-00002-CPL-PMOP CONVITE"},"content":{"rendered":"<p>OBJETO: CONTRATA\u00c7\u00c3O DE EMPRESA ESPECIALIZADA PARA PRESTA\u00c7\u00c3O DE SERVI\u00c7OS DE CONEX\u00c3O \u00c0 REDE MUNDIAL DE COMPUTADORES (INTERNET) VIA FIBRA \u00d3TICA E VIA R\u00c1DIO, COM FORNECIMENTO DE EQUIPAMENTOS PARA RECEPTA\u00c7\u00c3O DO SINAL, CONFORME ESPECIFICA\u00c7\u00c3O T\u00c9CNICA DA ANATEL, INSTALA\u00c7\u00c3O E CONFIGURA\u00c7\u00c3O DE SINAL VIA FIBRA \u00d3TICA E VIA R\u00c1DIO DE INTERNET, BANDA LARGA DE REDE WIRELESS, DE ACORDO COM A ESPECIFICA\u00c7\u00c3O DO LOCAL, EM ATENDIMENTO \u00c0S NECESSIDADES DA PREFEITURA DE OEIRAS DO PAR\u00c1.<\/p>\n<ul>\n<li><a href=\"http:\/\/oeirasdopara.pa.gov.br\/wp-content\/uploads\/2021\/05\/PESQUISA-DE-PRECO.pdf\">PESQUISA DE PRE\u00c7O<\/a><\/li>\n<li><a href=\"http:\/\/oeirasdopara.pa.gov.br\/wp-content\/uploads\/2021\/05\/PARECER-JURIDICO-2-3.pdf\">PARECER JUR\u00cdDICO <\/a><\/li>\n<li><a href=\"http:\/\/oeirasdopara.pa.gov.br\/wp-content\/uploads\/2021\/05\/PARECER-DO-CONTROLE-INTERNO-1.pdf\">PARECER DO CONTROLE INTERNO<\/a><\/li>\n<li><a href=\"http:\/\/oeirasdopara.pa.gov.br\/wp-content\/uploads\/2021\/05\/MAPA-COMPARATIVO-1.pdf\">MAPA COMPARATIVO<\/a><\/li>\n<li><a href=\"http:\/\/oeirasdopara.pa.gov.br\/wp-content\/uploads\/2021\/05\/MINUTA-DE-CONTRATO-1.pdf\">MINUTA DE CONTRATO<\/a><\/li>\n<li><a href=\"http:\/\/oeirasdopara.pa.gov.br\/wp-content\/uploads\/2021\/05\/CARTA-CONVITE-1.pdf\">CARTA CONVITE<\/a><\/li>\n<li><a href=\"http:\/\/oeirasdopara.pa.gov.br\/wp-content\/uploads\/2021\/05\/JUSTIFICATIVA-PARA-CONTRATACAO-3.pdf\">JUSTIFICATIVA PARA CONTRATA\u00c7\u00c3O<\/a><\/li>\n<li><a href=\"http:\/\/oeirasdopara.pa.gov.br\/wp-content\/uploads\/2021\/05\/ADJUDICACAO-E-HOMOLOGACAO-1-2.pdf\">ADJUDICA\u00c7\u00c3O E HOMOLOGA\u00c7\u00c3O <\/a><\/li>\n<li><a href=\"http:\/\/oeirasdopara.pa.gov.br\/wp-content\/uploads\/2021\/05\/ADJUDICACAO-E-HOMOLOGACAO-2.pdf\">ADJUDICA\u00c7\u00c3O E HOMOLOGA\u00c7\u00c3O<\/a><\/li>\n<li><a href=\"http:\/\/oeirasdopara.pa.gov.br\/wp-content\/uploads\/2021\/05\/ATA-DA-SESSAO-1-1.pdf\">ATA DA SESS\u00c3O <\/a><\/li>\n<li><a href=\"http:\/\/oeirasdopara.pa.gov.br\/wp-content\/uploads\/2021\/05\/ATA-DA-SESSAO-2.pdf\">ATA DA SESS\u00c3O<\/a><\/li>\n<\/ul>\n","protected":false},"excerpt":{"rendered":"<p>OBJETO: CONTRATA\u00c7\u00c3O DE EMPRESA ESPECIALIZADA PARA PRESTA\u00c7\u00c3O DE SERVI\u00c7OS DE CONEX\u00c3O \u00c0 REDE MUNDIAL DE COMPUTADORES (INTERNET) VIA FIBRA \u00d3TICA E VIA R\u00c1DIO, COM FORNECIMENTO DE EQUIPAMENTOS PARA RECEPTA\u00c7\u00c3O DO SINAL, CONFORME ESPECIFICA\u00c7\u00c3O T\u00c9CNICA DA ANATEL, INSTALA\u00c7\u00c3O E CONFIGURA\u00c7\u00c3O DE SINAL VIA FIBRA \u00d3TICA E VIA R\u00c1DIO DE INTERNET, BANDA LARGA DE REDE WIRELESS, DE [&hellip;]<\/p>\n","protected":false},"author":6,"featured_media":0,"comment_status":"closed","ping_status":"open","sticky":false,"template":"","format":"standard","meta":{"_seopress_robots_primary_cat":"","_seopress_titles_title":"","_seopress_titles_desc":"","_seopress_robots_index":"","footnotes":""},"categories":[69],"tags":[],"class_list":["post-4709","post","type-post","status-publish","format-standard","hentry","category-editais"],"_links":{"self":[{"href":"https:\/\/oeirasdopara.pa.gov.br\/novo\/wp-json\/wp\/v2\/posts\/4709","targetHints":{"allow":["GET"]}}],"collection":[{"href":"https:\/\/oeirasdopara.pa.gov.br\/novo\/wp-json\/wp\/v2\/posts"}],"about":[{"href":"https:\/\/oeirasdopara.pa.gov.br\/novo\/wp-json\/wp\/v2\/types\/post"}],"author":[{"embeddable":true,"href":"https:\/\/oeirasdopara.pa.gov.br\/novo\/wp-json\/wp\/v2\/users\/6"}],"replies":[{"embeddable":true,"href":"https:\/\/oeirasdopara.pa.gov.br\/novo\/wp-json\/wp\/v2\/comments?post=4709"}],"version-history":[{"count":3,"href":"https:\/\/oeirasdopara.pa.gov.br\/novo\/wp-json\/wp\/v2\/posts\/4709\/revisions"}],"predecessor-version":[{"id":4723,"href":"https:\/\/oeirasdopara.pa.gov.br\/novo\/wp-json\/wp\/v2\/posts\/4709\/revisions\/4723"}],"wp:attachment":[{"href":"https:\/\/oeirasdopara.pa.gov.br\/novo\/wp-json\/wp\/v2\/media?parent=4709"}],"wp:term":[{"taxonomy":"category","embeddable":true,"href":"https:\/\/oeirasdopara.pa.gov.br\/novo\/wp-json\/wp\/v2\/categories?post=4709"},{"taxonomy":"post_tag","embeddable":true,"href":"https:\/\/oeirasdopara.pa.gov.br\/novo\/wp-json\/wp\/v2\/tags?post=4709"}],"curies":[{"name":"wp","href":"https:\/\/api.w.org\/{rel}","templated":true}]}}