{"id":4690,"date":"2021-05-24T12:19:41","date_gmt":"2021-05-24T12:19:41","guid":{"rendered":"https:\/\/oeirasdopara.pa.gov.br\/?p=4690"},"modified":"2021-05-24T14:53:20","modified_gmt":"2021-05-24T14:53:20","slug":"1-2021-00001-cpl-pmop","status":"publish","type":"post","link":"https:\/\/oeirasdopara.pa.gov.br\/novo\/1-2021-00001-cpl-pmop\/","title":{"rendered":"1\/2021-00001-CPL\/PMOP CONVITE"},"content":{"rendered":"<p>OBJETO: CONTRATA\u00c7\u00c3O DE PROFISSIONAL T\u00c9CNICO ESPECIALIZADO COMO ADVOGADO, OBJETIVANDO O ASSESSORAMENTO \u00c0 PREFEITURA MUNICIPAL DE OEIRAS DO PAR\u00c1, REPRESENTA\u00c7\u00c3O JUDICIAL EM 1\u00aa INST\u00c2NCIA.<\/p>\n<ul>\n<li><a href=\"http:\/\/oeirasdopara.pa.gov.br\/wp-content\/uploads\/2021\/05\/ADJUDICACAO-E-HOMOLOGACAO.pdf\">ADJUDICA\u00c7\u00c3O E HOMOLOGA\u00c7\u00c3O<\/a><\/li>\n<li><a href=\"http:\/\/oeirasdopara.pa.gov.br\/wp-content\/uploads\/2021\/05\/PESQUISA-DE-PRECO-1.pdf\">PESQUISA DE PRE\u00c7O <\/a><\/li>\n<li><a href=\"http:\/\/oeirasdopara.pa.gov.br\/wp-content\/uploads\/2021\/05\/ADJUDICACAO-E-HOMOLOGACAO-1.pdf\">ADJUDICA\u00c7\u00c3O E HOMOLOGA\u00c7\u00c3O<\/a><\/li>\n<li><a href=\"http:\/\/oeirasdopara.pa.gov.br\/wp-content\/uploads\/2021\/05\/PARECER-JURIDICO-3-2.pdf\">PARECER JUR\u00cdDICO <\/a><\/li>\n<li><a href=\"http:\/\/oeirasdopara.pa.gov.br\/wp-content\/uploads\/2021\/05\/PARECER-DO-CONTROLE-INTERNO.pdf\">PARECER DO CONTROLE INTERNO<\/a><\/li>\n<li><a href=\"http:\/\/oeirasdopara.pa.gov.br\/wp-content\/uploads\/2021\/05\/MAPA-COMPARATIVO.pdf\">MAPA COMPARATIVO<\/a><\/li>\n<li><a href=\"http:\/\/oeirasdopara.pa.gov.br\/wp-content\/uploads\/2021\/05\/MINUTA-DE-CONTRATO.pdf\">MINUTA DE CONTRATO<\/a><\/li>\n<li><a href=\"http:\/\/oeirasdopara.pa.gov.br\/wp-content\/uploads\/2021\/05\/JUSTIFICATIVA-PARA-CONTRATACAO-2.pdf\">JUSTIFICATIVA PARA CONTRATA\u00c7\u00c3O<\/a><\/li>\n<li><a href=\"http:\/\/oeirasdopara.pa.gov.br\/wp-content\/uploads\/2021\/05\/CARTA-CONVITE.pdf\">CARTA CONVITE<\/a><\/li>\n<li><a href=\"http:\/\/oeirasdopara.pa.gov.br\/wp-content\/uploads\/2021\/05\/ATA-DA-SESSAO-1.pdf\">ATA DA SESS\u00c3O <\/a><\/li>\n<li><a href=\"http:\/\/oeirasdopara.pa.gov.br\/wp-content\/uploads\/2021\/05\/ATA-DA-SESSAO.pdf\">ATA DA SESS\u00c3O<\/a><\/li>\n<\/ul>\n","protected":false},"excerpt":{"rendered":"<p>OBJETO: CONTRATA\u00c7\u00c3O DE PROFISSIONAL T\u00c9CNICO ESPECIALIZADO COMO ADVOGADO, OBJETIVANDO O ASSESSORAMENTO \u00c0 PREFEITURA MUNICIPAL DE OEIRAS DO PAR\u00c1, REPRESENTA\u00c7\u00c3O JUDICIAL EM 1\u00aa INST\u00c2NCIA. ADJUDICA\u00c7\u00c3O E HOMOLOGA\u00c7\u00c3O PESQUISA DE PRE\u00c7O ADJUDICA\u00c7\u00c3O E HOMOLOGA\u00c7\u00c3O PARECER JUR\u00cdDICO PARECER DO CONTROLE INTERNO MAPA COMPARATIVO MINUTA DE CONTRATO JUSTIFICATIVA PARA CONTRATA\u00c7\u00c3O CARTA CONVITE ATA DA SESS\u00c3O ATA DA SESS\u00c3O<\/p>\n","protected":false},"author":6,"featured_media":0,"comment_status":"closed","ping_status":"open","sticky":false,"template":"","format":"standard","meta":{"_seopress_robots_primary_cat":"","_seopress_titles_title":"","_seopress_titles_desc":"","_seopress_robots_index":"","footnotes":""},"categories":[69],"tags":[],"class_list":["post-4690","post","type-post","status-publish","format-standard","hentry","category-editais"],"_links":{"self":[{"href":"https:\/\/oeirasdopara.pa.gov.br\/novo\/wp-json\/wp\/v2\/posts\/4690","targetHints":{"allow":["GET"]}}],"collection":[{"href":"https:\/\/oeirasdopara.pa.gov.br\/novo\/wp-json\/wp\/v2\/posts"}],"about":[{"href":"https:\/\/oeirasdopara.pa.gov.br\/novo\/wp-json\/wp\/v2\/types\/post"}],"author":[{"embeddable":true,"href":"https:\/\/oeirasdopara.pa.gov.br\/novo\/wp-json\/wp\/v2\/users\/6"}],"replies":[{"embeddable":true,"href":"https:\/\/oeirasdopara.pa.gov.br\/novo\/wp-json\/wp\/v2\/comments?post=4690"}],"version-history":[{"count":4,"href":"https:\/\/oeirasdopara.pa.gov.br\/novo\/wp-json\/wp\/v2\/posts\/4690\/revisions"}],"predecessor-version":[{"id":4708,"href":"https:\/\/oeirasdopara.pa.gov.br\/novo\/wp-json\/wp\/v2\/posts\/4690\/revisions\/4708"}],"wp:attachment":[{"href":"https:\/\/oeirasdopara.pa.gov.br\/novo\/wp-json\/wp\/v2\/media?parent=4690"}],"wp:term":[{"taxonomy":"category","embeddable":true,"href":"https:\/\/oeirasdopara.pa.gov.br\/novo\/wp-json\/wp\/v2\/categories?post=4690"},{"taxonomy":"post_tag","embeddable":true,"href":"https:\/\/oeirasdopara.pa.gov.br\/novo\/wp-json\/wp\/v2\/tags?post=4690"}],"curies":[{"name":"wp","href":"https:\/\/api.w.org\/{rel}","templated":true}]}}