{"id":4651,"date":"2021-05-17T14:46:02","date_gmt":"2021-05-17T14:46:02","guid":{"rendered":"https:\/\/oeirasdopara.pa.gov.br\/?p=4651"},"modified":"2021-05-17T14:46:02","modified_gmt":"2021-05-17T14:46:02","slug":"dispensa-de-licitacao-no-7-2021-000004-cpl","status":"publish","type":"post","link":"https:\/\/oeirasdopara.pa.gov.br\/novo\/dispensa-de-licitacao-no-7-2021-000004-cpl\/","title":{"rendered":"DISPENSA DE LICITA\u00c7\u00c3O N\u00ba 7\/2021-000004 &#8211; CPL"},"content":{"rendered":"<p>OBEJETO: LOCA\u00c7\u00c3O DE IM\u00d3VEL PARA FUNCIONAMENTO DO DEPARTAMENTO DE ALIMENTA\u00c7\u00c3O ESCOLAR &#8211; DAE E DO DEP\u00d3SITO DE ALIMENTA\u00c7\u00c3O ESCOLAR.<\/p>\n<ul>\n<li><a href=\"http:\/\/oeirasdopara.pa.gov.br\/wp-content\/uploads\/2021\/05\/LAUDO-DE-VISTORIA-E-AVALIACAO-1.pdf\">LAUDO DE VISTORIA E AVALIA\u00c7\u00c3O<\/a><\/li>\n<li><a href=\"http:\/\/oeirasdopara.pa.gov.br\/wp-content\/uploads\/2021\/05\/SOLICITACAO-PARA-CONTRATACAO-2.pdf\">SOLICITA\u00c7\u00c3O PARA CONTRATA\u00c7\u00c3O<\/a><\/li>\n<li><a href=\"http:\/\/oeirasdopara.pa.gov.br\/wp-content\/uploads\/2021\/05\/RAZAO-DA-ESCOLHA-5.pdf\">RAZ\u00c3O DA ESCOLHA <\/a><\/li>\n<li><a href=\"http:\/\/oeirasdopara.pa.gov.br\/wp-content\/uploads\/2021\/05\/RATIFICACAO-2-2.pdf\">RATIFICA\u00c7\u00c3O <\/a><\/li>\n<li><a href=\"http:\/\/oeirasdopara.pa.gov.br\/wp-content\/uploads\/2021\/05\/PARECER-JURIDICO-2-2.pdf\">PARECER JUR\u00cdDICO <\/a><\/li>\n<li><a href=\"http:\/\/oeirasdopara.pa.gov.br\/wp-content\/uploads\/2021\/05\/JUSTIFICATIVA-2-2.pdf\">JUSTIFICATIVA<\/a><\/li>\n<li><a href=\"http:\/\/oeirasdopara.pa.gov.br\/wp-content\/uploads\/2021\/05\/RAZAO-DA-ESCOLHA-4-2.pdf\">RAZ\u00c3O DA ESCOLHA<\/a><\/li>\n<\/ul>\n<p>&nbsp;<\/p>\n<p>&nbsp;<\/p>\n","protected":false},"excerpt":{"rendered":"<p>OBEJETO: LOCA\u00c7\u00c3O DE IM\u00d3VEL PARA FUNCIONAMENTO DO DEPARTAMENTO DE ALIMENTA\u00c7\u00c3O ESCOLAR &#8211; DAE E DO DEP\u00d3SITO DE ALIMENTA\u00c7\u00c3O ESCOLAR. LAUDO DE VISTORIA E AVALIA\u00c7\u00c3O SOLICITA\u00c7\u00c3O PARA CONTRATA\u00c7\u00c3O RAZ\u00c3O DA ESCOLHA RATIFICA\u00c7\u00c3O PARECER JUR\u00cdDICO JUSTIFICATIVA RAZ\u00c3O DA ESCOLHA &nbsp; &nbsp;<\/p>\n","protected":false},"author":6,"featured_media":0,"comment_status":"closed","ping_status":"open","sticky":false,"template":"","format":"standard","meta":{"_seopress_robots_primary_cat":"","_seopress_titles_title":"","_seopress_titles_desc":"","_seopress_robots_index":"","footnotes":""},"categories":[69],"tags":[],"class_list":["post-4651","post","type-post","status-publish","format-standard","hentry","category-editais"],"_links":{"self":[{"href":"https:\/\/oeirasdopara.pa.gov.br\/novo\/wp-json\/wp\/v2\/posts\/4651","targetHints":{"allow":["GET"]}}],"collection":[{"href":"https:\/\/oeirasdopara.pa.gov.br\/novo\/wp-json\/wp\/v2\/posts"}],"about":[{"href":"https:\/\/oeirasdopara.pa.gov.br\/novo\/wp-json\/wp\/v2\/types\/post"}],"author":[{"embeddable":true,"href":"https:\/\/oeirasdopara.pa.gov.br\/novo\/wp-json\/wp\/v2\/users\/6"}],"replies":[{"embeddable":true,"href":"https:\/\/oeirasdopara.pa.gov.br\/novo\/wp-json\/wp\/v2\/comments?post=4651"}],"version-history":[{"count":1,"href":"https:\/\/oeirasdopara.pa.gov.br\/novo\/wp-json\/wp\/v2\/posts\/4651\/revisions"}],"predecessor-version":[{"id":4659,"href":"https:\/\/oeirasdopara.pa.gov.br\/novo\/wp-json\/wp\/v2\/posts\/4651\/revisions\/4659"}],"wp:attachment":[{"href":"https:\/\/oeirasdopara.pa.gov.br\/novo\/wp-json\/wp\/v2\/media?parent=4651"}],"wp:term":[{"taxonomy":"category","embeddable":true,"href":"https:\/\/oeirasdopara.pa.gov.br\/novo\/wp-json\/wp\/v2\/categories?post=4651"},{"taxonomy":"post_tag","embeddable":true,"href":"https:\/\/oeirasdopara.pa.gov.br\/novo\/wp-json\/wp\/v2\/tags?post=4651"}],"curies":[{"name":"wp","href":"https:\/\/api.w.org\/{rel}","templated":true}]}}