{"id":4613,"date":"2021-05-14T12:43:11","date_gmt":"2021-05-14T12:43:11","guid":{"rendered":"https:\/\/oeirasdopara.pa.gov.br\/?p=4613"},"modified":"2021-05-14T12:46:33","modified_gmt":"2021-05-14T12:46:33","slug":"dispensa-de-licitacao-no-7-2021-00006-cpl-pmop","status":"publish","type":"post","link":"https:\/\/oeirasdopara.pa.gov.br\/novo\/dispensa-de-licitacao-no-7-2021-00006-cpl-pmop\/","title":{"rendered":"DISPENSA DE LICITA\u00c7\u00c3O N\u00ba 7\/2021-00006 &#8211; CPL\/PMOP"},"content":{"rendered":"<p>OBJETO: LOCA\u00c7\u00c3O DE IM\u00d3VEL PARA FINS DE FUNCIONAMENTO DA ESCOLA DE M\u00daSICA, VINCULADA \u00c0 SECRETARIA MUNICIPAL DE CULTURA DA PREFEITURA MUNICIPAL DE OEIRAS DO PAR\u00c1.<\/p>\n<ul>\n<li><a href=\"http:\/\/oeirasdopara.pa.gov.br\/wp-content\/uploads\/2021\/05\/LAUDO-DE-VISTORIA-E-AVALIACAO-PREVIA-1.pdf\">LAUDO DE VISTORIA E AVALIA\u00c7\u00c3O PR\u00c9VIA<\/a><\/li>\n<li><a href=\"http:\/\/oeirasdopara.pa.gov.br\/wp-content\/uploads\/2021\/05\/SOLICITACAO-PARA-CONTRATACAO-1.pdf\">SOLICITA\u00c7\u00c3O PARA CONTRATA\u00c7\u00c3O<\/a><\/li>\n<li><a href=\"http:\/\/oeirasdopara.pa.gov.br\/wp-content\/uploads\/2021\/05\/JUSTIFICATIVA-PARA-CONTRATACAO-1.pdf\">JUSTIFICATIVA PARA CONTRATA\u00c7\u00c3O<\/a><\/li>\n<li><a href=\"http:\/\/oeirasdopara.pa.gov.br\/wp-content\/uploads\/2021\/05\/JUSTIFICATIVA-DO-PRECO-1.pdf\">JUSTIFICATIVA DO PRE\u00c7O<\/a><\/li>\n<li><a href=\"http:\/\/oeirasdopara.pa.gov.br\/wp-content\/uploads\/2021\/05\/PARECER-JURIDICO-1-4.pdf\">PARECER JUR\u00cdDICO<\/a><\/li>\n<li><a href=\"http:\/\/oeirasdopara.pa.gov.br\/wp-content\/uploads\/2021\/05\/TERMO-DE-RATIFICACAO-3.pdf\">TERMO DE RATIFICA\u00c7\u00c3O<\/a><\/li>\n<li><a href=\"http:\/\/oeirasdopara.pa.gov.br\/wp-content\/uploads\/2021\/05\/RAZAO-DA-ESCOLHA-DO-EXECUTANTE-1.pdf\">RAZ\u00c3O DA ESCOLHA DO EXECUTANTE<\/a><\/li>\n<\/ul>\n","protected":false},"excerpt":{"rendered":"<p>OBJETO: LOCA\u00c7\u00c3O DE IM\u00d3VEL PARA FINS DE FUNCIONAMENTO DA ESCOLA DE M\u00daSICA, VINCULADA \u00c0 SECRETARIA MUNICIPAL DE CULTURA DA PREFEITURA MUNICIPAL DE OEIRAS DO PAR\u00c1. LAUDO DE VISTORIA E AVALIA\u00c7\u00c3O PR\u00c9VIA SOLICITA\u00c7\u00c3O PARA CONTRATA\u00c7\u00c3O JUSTIFICATIVA PARA CONTRATA\u00c7\u00c3O JUSTIFICATIVA DO PRE\u00c7O PARECER JUR\u00cdDICO TERMO DE RATIFICA\u00c7\u00c3O RAZ\u00c3O DA ESCOLHA DO EXECUTANTE<\/p>\n","protected":false},"author":6,"featured_media":0,"comment_status":"closed","ping_status":"open","sticky":false,"template":"","format":"standard","meta":{"_seopress_robots_primary_cat":"","_seopress_titles_title":"","_seopress_titles_desc":"","_seopress_robots_index":"","footnotes":""},"categories":[69],"tags":[],"class_list":["post-4613","post","type-post","status-publish","format-standard","hentry","category-editais"],"_links":{"self":[{"href":"https:\/\/oeirasdopara.pa.gov.br\/novo\/wp-json\/wp\/v2\/posts\/4613","targetHints":{"allow":["GET"]}}],"collection":[{"href":"https:\/\/oeirasdopara.pa.gov.br\/novo\/wp-json\/wp\/v2\/posts"}],"about":[{"href":"https:\/\/oeirasdopara.pa.gov.br\/novo\/wp-json\/wp\/v2\/types\/post"}],"author":[{"embeddable":true,"href":"https:\/\/oeirasdopara.pa.gov.br\/novo\/wp-json\/wp\/v2\/users\/6"}],"replies":[{"embeddable":true,"href":"https:\/\/oeirasdopara.pa.gov.br\/novo\/wp-json\/wp\/v2\/comments?post=4613"}],"version-history":[{"count":1,"href":"https:\/\/oeirasdopara.pa.gov.br\/novo\/wp-json\/wp\/v2\/posts\/4613\/revisions"}],"predecessor-version":[{"id":4628,"href":"https:\/\/oeirasdopara.pa.gov.br\/novo\/wp-json\/wp\/v2\/posts\/4613\/revisions\/4628"}],"wp:attachment":[{"href":"https:\/\/oeirasdopara.pa.gov.br\/novo\/wp-json\/wp\/v2\/media?parent=4613"}],"wp:term":[{"taxonomy":"category","embeddable":true,"href":"https:\/\/oeirasdopara.pa.gov.br\/novo\/wp-json\/wp\/v2\/categories?post=4613"},{"taxonomy":"post_tag","embeddable":true,"href":"https:\/\/oeirasdopara.pa.gov.br\/novo\/wp-json\/wp\/v2\/tags?post=4613"}],"curies":[{"name":"wp","href":"https:\/\/api.w.org\/{rel}","templated":true}]}}