{"id":4600,"date":"2021-05-13T15:28:03","date_gmt":"2021-05-13T15:28:03","guid":{"rendered":"https:\/\/oeirasdopara.pa.gov.br\/?p=4600"},"modified":"2021-05-13T15:28:56","modified_gmt":"2021-05-13T15:28:56","slug":"dispensa-de-licitacao-no-7-2021-00005-cpl-pmop","status":"publish","type":"post","link":"https:\/\/oeirasdopara.pa.gov.br\/novo\/dispensa-de-licitacao-no-7-2021-00005-cpl-pmop\/","title":{"rendered":"DISPENSA DE LICITA\u00c7\u00c3O N\u00ba 7\/2021-00005 &#8211; CPL\/PMOP"},"content":{"rendered":"<p>OBJETO: CONTRATA\u00c7\u00c3O DE IM\u00d3VEL PARA FINS DE FUNCIONAMENTO NO PAVIMENTO SUPERIOR DE ALOJAMENTO PARA PROFESSORES DA REDE P\u00daBLICA DE ENSINO MUNICIPAL E DOS DOCENTES DA UFPA E NO PAVIMENTO T\u00c9RREO PARA FUNCIONAMENTO DO ALMOXARIFADO DA SECRETARIA DE EDUCA\u00c7\u00c3O.<\/p>\n<ul>\n<li><a href=\"http:\/\/oeirasdopara.pa.gov.br\/wp-content\/uploads\/2021\/05\/LAUDO-DE-VISTORIA-E-AVALIACAO.pdf\">LAUDO DE VISTORIA E AVALIA\u00c7\u00c3O<\/a><\/li>\n<li><a href=\"http:\/\/oeirasdopara.pa.gov.br\/wp-content\/uploads\/2021\/05\/SOLICITACAO-PARA-CONTRATACAO-DO-IMOVEL.pdf\">SOLICITA\u00c7\u00c3O PARA CONTRATA\u00c7\u00c3O DO IMOVEL<\/a><\/li>\n<li><a href=\"http:\/\/oeirasdopara.pa.gov.br\/wp-content\/uploads\/2021\/05\/JUSTIFICATIVA-3.pdf\">JUSTIFICATIVA<\/a><\/li>\n<li><a href=\"http:\/\/oeirasdopara.pa.gov.br\/wp-content\/uploads\/2021\/05\/RAZAO-DA-ESCOLHA-4.pdf\">RAZ\u00c3O DA ESCOLHA<\/a><\/li>\n<li><a href=\"http:\/\/oeirasdopara.pa.gov.br\/wp-content\/uploads\/2021\/05\/PARECER-JURIDICO-3.pdf\">PARECER JUR\u00cdDICO<\/a><\/li>\n<li><a href=\"http:\/\/oeirasdopara.pa.gov.br\/wp-content\/uploads\/2021\/05\/RATIFICACAO-3.pdf\">RATIFICA\u00c7\u00c3O<\/a><\/li>\n<li><a href=\"http:\/\/oeirasdopara.pa.gov.br\/wp-content\/uploads\/2021\/05\/RAZAO-DA-ESCOLHA-4.pdf\">RAZ\u00c3O DA ESCOLHA<\/a><\/li>\n<\/ul>\n<p>&nbsp;<\/p>\n<p>&nbsp;<\/p>\n","protected":false},"excerpt":{"rendered":"<p>OBJETO: CONTRATA\u00c7\u00c3O DE IM\u00d3VEL PARA FINS DE FUNCIONAMENTO NO PAVIMENTO SUPERIOR DE ALOJAMENTO PARA PROFESSORES DA REDE P\u00daBLICA DE ENSINO MUNICIPAL E DOS DOCENTES DA UFPA E NO PAVIMENTO T\u00c9RREO PARA FUNCIONAMENTO DO ALMOXARIFADO DA SECRETARIA DE EDUCA\u00c7\u00c3O. LAUDO DE VISTORIA E AVALIA\u00c7\u00c3O SOLICITA\u00c7\u00c3O PARA CONTRATA\u00c7\u00c3O DO IMOVEL JUSTIFICATIVA RAZ\u00c3O DA ESCOLHA PARECER JUR\u00cdDICO RATIFICA\u00c7\u00c3O [&hellip;]<\/p>\n","protected":false},"author":6,"featured_media":0,"comment_status":"closed","ping_status":"open","sticky":false,"template":"","format":"standard","meta":{"_seopress_robots_primary_cat":"","_seopress_titles_title":"","_seopress_titles_desc":"","_seopress_robots_index":"","footnotes":""},"categories":[69],"tags":[],"class_list":["post-4600","post","type-post","status-publish","format-standard","hentry","category-editais"],"_links":{"self":[{"href":"https:\/\/oeirasdopara.pa.gov.br\/novo\/wp-json\/wp\/v2\/posts\/4600","targetHints":{"allow":["GET"]}}],"collection":[{"href":"https:\/\/oeirasdopara.pa.gov.br\/novo\/wp-json\/wp\/v2\/posts"}],"about":[{"href":"https:\/\/oeirasdopara.pa.gov.br\/novo\/wp-json\/wp\/v2\/types\/post"}],"author":[{"embeddable":true,"href":"https:\/\/oeirasdopara.pa.gov.br\/novo\/wp-json\/wp\/v2\/users\/6"}],"replies":[{"embeddable":true,"href":"https:\/\/oeirasdopara.pa.gov.br\/novo\/wp-json\/wp\/v2\/comments?post=4600"}],"version-history":[{"count":1,"href":"https:\/\/oeirasdopara.pa.gov.br\/novo\/wp-json\/wp\/v2\/posts\/4600\/revisions"}],"predecessor-version":[{"id":4612,"href":"https:\/\/oeirasdopara.pa.gov.br\/novo\/wp-json\/wp\/v2\/posts\/4600\/revisions\/4612"}],"wp:attachment":[{"href":"https:\/\/oeirasdopara.pa.gov.br\/novo\/wp-json\/wp\/v2\/media?parent=4600"}],"wp:term":[{"taxonomy":"category","embeddable":true,"href":"https:\/\/oeirasdopara.pa.gov.br\/novo\/wp-json\/wp\/v2\/categories?post=4600"},{"taxonomy":"post_tag","embeddable":true,"href":"https:\/\/oeirasdopara.pa.gov.br\/novo\/wp-json\/wp\/v2\/tags?post=4600"}],"curies":[{"name":"wp","href":"https:\/\/api.w.org\/{rel}","templated":true}]}}