{"id":4268,"date":"2021-04-22T15:25:22","date_gmt":"2021-04-22T15:25:22","guid":{"rendered":"https:\/\/sgtributos.com.br\/oeiras\/site\/?p=4268"},"modified":"2021-05-04T16:15:13","modified_gmt":"2021-05-04T16:15:13","slug":"pregao-eletronico-srp-no-9-2021-00002","status":"publish","type":"post","link":"https:\/\/oeirasdopara.pa.gov.br\/novo\/pregao-eletronico-srp-no-9-2021-00002\/","title":{"rendered":"PREG\u00c3O ELETR\u00d4NICO SRP N\u00ba 9\/2021-00002"},"content":{"rendered":"<p><strong>SUSPENSO<\/strong><\/p>\n<p><strong>OBJETO: <\/strong>CONTRATA\u00c7\u00c3O DE EMPRESA FORNECEDORA DE MEDICAMENTOS, MATERIAL T\u00c9CNICO E MATERIAL PARA APOIO DIAGN\u00d3STICO, DESTINADOS AO ABASTECIMENTO E CONSUMO DE FORMA PARCELADA DO HOSPITAL E POSTOS DE SA\u00daDE MUNICIPAIS DE OEIRAS DO PAR\u00c1, DE ACORDO COM AS DEMANDAS DA SECRETARIA MUNICIPAL DE SA\u00daDE.<\/p>\n<ul>\n<li><a href=\"https:\/\/sgtributos.com.br\/oeiras\/site\/wp-content\/uploads\/2021\/04\/EDITAL-No-06_2021.pdf\"><strong>EDITAL N\u00ba 06\/2021<\/strong><\/a><\/li>\n<li><a href=\"https:\/\/sgtributos.com.br\/oeiras\/site\/wp-content\/uploads\/2021\/04\/JUSTIFICATIVA-PARA-CONTRATACAO-1.pdf\"><strong>JUSTIFICATIVA PARA CONTRATA\u00c7\u00c3O<\/strong><\/a><\/li>\n<li><a href=\"https:\/\/sgtributos.com.br\/oeiras\/site\/wp-content\/uploads\/2021\/04\/MINUTA-DE-CONTRATO-1.pdf\"><strong>\u00a0MINUTA DE CONTRATO<\/strong><\/a><\/li>\n<li><a href=\"https:\/\/sgtributos.com.br\/oeiras\/site\/wp-content\/uploads\/2021\/04\/MAPA-COMPARATIVO-1.pdf\"><strong>\u00a0MAPA COMPARATIVO<\/strong><\/a><\/li>\n<li><a href=\"https:\/\/sgtributos.com.br\/oeiras\/site\/wp-content\/uploads\/2021\/04\/PARECER-JURIDICO-2.pdf\"><strong>\u00a0PARECER JUR\u00cdDICO<\/strong><\/a><\/li>\n<li><a href=\"https:\/\/sgtributos.com.br\/oeiras\/site\/wp-content\/uploads\/2021\/04\/JUSTIFICATIVA-E-PESQUISA-DE-MERCADO.pdf\"><strong>JUSTIFICATIVA E PESQUISA DE MERCADO<\/strong><\/a><\/li>\n<li><a href=\"https:\/\/sgtributos.com.br\/oeiras\/site\/wp-content\/uploads\/2021\/04\/TERMO-DE-REFERENCIA-2.pdf\"><strong>TERMO DE REFER\u00caNCIA<\/strong><\/a><\/li>\n<\/ul>\n","protected":false},"excerpt":{"rendered":"<p>SUSPENSO OBJETO: CONTRATA\u00c7\u00c3O DE EMPRESA FORNECEDORA DE MEDICAMENTOS, MATERIAL T\u00c9CNICO E MATERIAL PARA APOIO DIAGN\u00d3STICO, DESTINADOS AO ABASTECIMENTO E CONSUMO DE FORMA PARCELADA DO HOSPITAL E POSTOS DE SA\u00daDE MUNICIPAIS DE OEIRAS DO PAR\u00c1, DE ACORDO COM AS DEMANDAS DA SECRETARIA MUNICIPAL DE SA\u00daDE. EDITAL N\u00ba 06\/2021 JUSTIFICATIVA PARA CONTRATA\u00c7\u00c3O \u00a0MINUTA DE CONTRATO \u00a0MAPA COMPARATIVO [&hellip;]<\/p>\n","protected":false},"author":5,"featured_media":0,"comment_status":"closed","ping_status":"open","sticky":false,"template":"","format":"standard","meta":{"_seopress_robots_primary_cat":"","_seopress_titles_title":"","_seopress_titles_desc":"","_seopress_robots_index":"","footnotes":""},"categories":[69],"tags":[],"class_list":["post-4268","post","type-post","status-publish","format-standard","hentry","category-editais"],"_links":{"self":[{"href":"https:\/\/oeirasdopara.pa.gov.br\/novo\/wp-json\/wp\/v2\/posts\/4268","targetHints":{"allow":["GET"]}}],"collection":[{"href":"https:\/\/oeirasdopara.pa.gov.br\/novo\/wp-json\/wp\/v2\/posts"}],"about":[{"href":"https:\/\/oeirasdopara.pa.gov.br\/novo\/wp-json\/wp\/v2\/types\/post"}],"author":[{"embeddable":true,"href":"https:\/\/oeirasdopara.pa.gov.br\/novo\/wp-json\/wp\/v2\/users\/5"}],"replies":[{"embeddable":true,"href":"https:\/\/oeirasdopara.pa.gov.br\/novo\/wp-json\/wp\/v2\/comments?post=4268"}],"version-history":[{"count":5,"href":"https:\/\/oeirasdopara.pa.gov.br\/novo\/wp-json\/wp\/v2\/posts\/4268\/revisions"}],"predecessor-version":[{"id":4485,"href":"https:\/\/oeirasdopara.pa.gov.br\/novo\/wp-json\/wp\/v2\/posts\/4268\/revisions\/4485"}],"wp:attachment":[{"href":"https:\/\/oeirasdopara.pa.gov.br\/novo\/wp-json\/wp\/v2\/media?parent=4268"}],"wp:term":[{"taxonomy":"category","embeddable":true,"href":"https:\/\/oeirasdopara.pa.gov.br\/novo\/wp-json\/wp\/v2\/categories?post=4268"},{"taxonomy":"post_tag","embeddable":true,"href":"https:\/\/oeirasdopara.pa.gov.br\/novo\/wp-json\/wp\/v2\/tags?post=4268"}],"curies":[{"name":"wp","href":"https:\/\/api.w.org\/{rel}","templated":true}]}}