{"id":4241,"date":"2021-04-19T16:19:45","date_gmt":"2021-04-19T16:19:45","guid":{"rendered":"https:\/\/www.oeirasdopara.pa.gov.br\/?p=4241"},"modified":"2021-04-22T15:24:38","modified_gmt":"2021-04-22T15:24:38","slug":"dispensa-de-licitacao-no-7-2021-00009-chamada-publica-no-001-2021-cpl-pmop","status":"publish","type":"post","link":"https:\/\/oeirasdopara.pa.gov.br\/novo\/dispensa-de-licitacao-no-7-2021-00009-chamada-publica-no-001-2021-cpl-pmop\/","title":{"rendered":"DISPENSA DE LICITA\u00c7\u00c3O N\u00ba 7\/2021-00009 &#8211; CHAMADA P\u00daBLICA N\u00ba 001\/2021 &#8211; CPL\/PMOP"},"content":{"rendered":"<p><strong>OBJETO: <\/strong>AQUISI\u00c7\u00c3O DE G\u00caNEROS ALIMENT\u00cdCIOS POR MEIO DE CHAMADA P\u00daBLICA COM A CONTRATA\u00c7\u00c3O DE COOPERATIVAS DE AGRICULTORES E\/OU ASSOCIA\u00c7\u00d5ES E EMPREENDEDORES RURAIS FAMILIARES PARA O FORNECIMENTO DOS G\u00caNEROS ALIMENT\u00cdCIOS DE AGROIND\u00daSTRIA CONFORME ESPECIFICA\u00c7\u00d5ES E NAS DEMAIS CONDI\u00c7\u00d5ES ESTABELECIDAS NO TERMO DE REFER\u00caNCIA, AOS ALUNOS DA REDE MUNICIPAL DE ENSINO DE OEIRAS DO PAR\u00c1.<\/p>\n<ul>\n<li><strong><a href=\"https:\/\/www.oeirasdopara.pa.gov.br\/wp-content\/uploads\/2021\/04\/TERMO-DE-REFERENCIA-1.pdf\">TERMO DE REFER\u00caNCIA<\/a><\/strong><\/li>\n<li><strong><a href=\"https:\/\/www.oeirasdopara.pa.gov.br\/wp-content\/uploads\/2021\/04\/EDITAL-No-05_2021-CPL_PMOP.pdf\">EDITAL N\u00ba 05\/2021 &#8211; CPL\/PMOP<\/a><\/strong><\/li>\n<li><strong><a href=\"https:\/\/www.oeirasdopara.pa.gov.br\/wp-content\/uploads\/2021\/04\/JUSTIFICATIVA-PARA-CONTRATACAO.pdf\">JUSTIFICATIVA PARA CONTRATA\u00c7\u00c3O<\/a><\/strong><\/li>\n<li><strong>\u00a0<a href=\"https:\/\/www.oeirasdopara.pa.gov.br\/wp-content\/uploads\/2021\/04\/PARECER-JURIDICO-1.pdf\">PARECER JUR\u00cdDICO<\/a><\/strong><\/li>\n<li><strong>\u00a0<a href=\"https:\/\/www.oeirasdopara.pa.gov.br\/wp-content\/uploads\/2021\/04\/PESQUISA-DE-PRECO.pdf\">PESQUISA DE PRE\u00c7O<\/a><\/strong><\/li>\n<\/ul>\n","protected":false},"excerpt":{"rendered":"<p>OBJETO: AQUISI\u00c7\u00c3O DE G\u00caNEROS ALIMENT\u00cdCIOS POR MEIO DE CHAMADA P\u00daBLICA COM A CONTRATA\u00c7\u00c3O DE COOPERATIVAS DE AGRICULTORES E\/OU ASSOCIA\u00c7\u00d5ES E EMPREENDEDORES RURAIS FAMILIARES PARA O FORNECIMENTO DOS G\u00caNEROS ALIMENT\u00cdCIOS DE AGROIND\u00daSTRIA CONFORME ESPECIFICA\u00c7\u00d5ES E NAS DEMAIS CONDI\u00c7\u00d5ES ESTABELECIDAS NO TERMO DE REFER\u00caNCIA, AOS ALUNOS DA REDE MUNICIPAL DE ENSINO DE OEIRAS DO PAR\u00c1. TERMO DE [&hellip;]<\/p>\n","protected":false},"author":5,"featured_media":0,"comment_status":"closed","ping_status":"open","sticky":false,"template":"","format":"standard","meta":{"_seopress_robots_primary_cat":"","_seopress_titles_title":"","_seopress_titles_desc":"","_seopress_robots_index":"","footnotes":""},"categories":[69],"tags":[],"class_list":["post-4241","post","type-post","status-publish","format-standard","hentry","category-editais"],"_links":{"self":[{"href":"https:\/\/oeirasdopara.pa.gov.br\/novo\/wp-json\/wp\/v2\/posts\/4241","targetHints":{"allow":["GET"]}}],"collection":[{"href":"https:\/\/oeirasdopara.pa.gov.br\/novo\/wp-json\/wp\/v2\/posts"}],"about":[{"href":"https:\/\/oeirasdopara.pa.gov.br\/novo\/wp-json\/wp\/v2\/types\/post"}],"author":[{"embeddable":true,"href":"https:\/\/oeirasdopara.pa.gov.br\/novo\/wp-json\/wp\/v2\/users\/5"}],"replies":[{"embeddable":true,"href":"https:\/\/oeirasdopara.pa.gov.br\/novo\/wp-json\/wp\/v2\/comments?post=4241"}],"version-history":[{"count":6,"href":"https:\/\/oeirasdopara.pa.gov.br\/novo\/wp-json\/wp\/v2\/posts\/4241\/revisions"}],"predecessor-version":[{"id":4284,"href":"https:\/\/oeirasdopara.pa.gov.br\/novo\/wp-json\/wp\/v2\/posts\/4241\/revisions\/4284"}],"wp:attachment":[{"href":"https:\/\/oeirasdopara.pa.gov.br\/novo\/wp-json\/wp\/v2\/media?parent=4241"}],"wp:term":[{"taxonomy":"category","embeddable":true,"href":"https:\/\/oeirasdopara.pa.gov.br\/novo\/wp-json\/wp\/v2\/categories?post=4241"},{"taxonomy":"post_tag","embeddable":true,"href":"https:\/\/oeirasdopara.pa.gov.br\/novo\/wp-json\/wp\/v2\/tags?post=4241"}],"curies":[{"name":"wp","href":"https:\/\/api.w.org\/{rel}","templated":true}]}}