{"id":4179,"date":"2021-04-12T12:12:03","date_gmt":"2021-04-12T12:12:03","guid":{"rendered":"https:\/\/www.oeirasdopara.pa.gov.br\/?p=4179"},"modified":"2021-04-26T14:14:55","modified_gmt":"2021-04-26T14:14:55","slug":"pregao-eletronico-no-9-2021-00001","status":"publish","type":"post","link":"https:\/\/oeirasdopara.pa.gov.br\/novo\/pregao-eletronico-no-9-2021-00001\/","title":{"rendered":"PREG\u00c3O ELETR\u00d4NICO N\u00ba 9\/2021-00001"},"content":{"rendered":"<p>OBJETO: CONTRATA\u00c7\u00c3O DE EMPRESA FORNECEDORA DE G\u00caNEROS ALIMENT\u00cdCIOS PARA A MANUTEN\u00c7\u00c3O DO PROGRAMA DE ALIMENTA\u00c7\u00c3O ESCOLAR DA REDE PUBLICA DE ENSINO (FUNDAMENTAL, PR\u00c9-ESCOLA, CRECHE, ENSINO M\u00c9DIO, EJA E QUILOMBOLA), EM ATENDIMENTO \u00c0S NECESSIDADES DA SECRETARIA MUNICIPAL DE EDUCA\u00c7\u00c3O DA PREFEITURA DE OEIRAS DO PAR\u00c1.<\/p>\n<p>Modalidade:\u00a0REGISTRO DE PRE\u00c7OS ORIGIN\u00c1RIO DE PREG\u00c3O ELETR\u00d4NICO<br \/>\nTipo: MENOR PRE\u00c7O<br \/>\nRegime:\u00a0Regime de licita\u00e7\u00e3o n\u00e3o informado pelo jurisdicionado<br \/>\nCrit\u00e9rio de Avalia\u00e7\u00e3o:\u00a0POR ITEM<br \/>\nElemento de Despesa:\u00a0MATERIAL DE CONSUMO<br \/>\nLocal de Abertura: 27\/04 \u00c0S 10H &#8211; HTTPS:\/\/WWW.PORTALDECOMPRASPUBLICAS.COM.BR<\/p>\n<p><strong>\u25ba <a href=\"https:\/\/www.oeirasdopara.pa.gov.br\/wp-content\/uploads\/2021\/04\/EDITAL-No-004_2021-CPL_PMOP.pdf\">EDITAL<\/a><\/strong><\/p>\n<p>\u25ba <a href=\"https:\/\/www.oeirasdopara.pa.gov.br\/wp-content\/uploads\/2021\/04\/EDITAL-No-004-2021-ALIMENTACAO-ESCOLAR-REPUBLICADO-ASSINADO.pdf\"><strong>EDITAL REPUBLICADO\u00a0<\/strong><\/a><\/p>\n<p><strong>\u25ba <a href=\"https:\/\/www.oeirasdopara.pa.gov.br\/wp-content\/uploads\/2021\/04\/JUSTIFICATIVA-PARA-AQUISICAO.pdf\">JUSTIFICATIVA<\/a><\/strong><\/p>\n<p><strong>\u25ba <a href=\"https:\/\/www.oeirasdopara.pa.gov.br\/wp-content\/uploads\/2021\/04\/MINUTA-DE-CONTRATO.pdf\">MINUTA DO CONTRATO.<\/a><\/strong><\/p>\n<p><strong>\u25ba <a href=\"https:\/\/www.oeirasdopara.pa.gov.br\/wp-content\/uploads\/2021\/04\/MAPA-COMPARATIVO.pdf\">MAPA COMPARATIVO<\/a><\/strong><\/p>\n<p><strong>\u25ba <a href=\"https:\/\/www.oeirasdopara.pa.gov.br\/wp-content\/uploads\/2021\/04\/PARECER-JURIDICO.pdf\">PARECER JUR\u00cdDICO<\/a><\/strong><\/p>\n<p><strong>\u25ba <a href=\"https:\/\/www.oeirasdopara.pa.gov.br\/wp-content\/uploads\/2021\/04\/COTACAO-DE-PRECOS.pdf\">PESQUISA DE MERCADO<\/a><\/strong><\/p>\n<p><strong>\u25ba <a href=\"https:\/\/www.oeirasdopara.pa.gov.br\/wp-content\/uploads\/2021\/04\/TERMO-DE-REFERENCIA.pdf\">TERMO DE REFER\u00caNCIA<\/a><\/strong><\/p>\n<p class=\"h5 mb-xs text-dark \">\n","protected":false},"excerpt":{"rendered":"<p>OBJETO: CONTRATA\u00c7\u00c3O DE EMPRESA FORNECEDORA DE G\u00caNEROS ALIMENT\u00cdCIOS PARA A MANUTEN\u00c7\u00c3O DO PROGRAMA DE ALIMENTA\u00c7\u00c3O ESCOLAR DA REDE PUBLICA DE ENSINO (FUNDAMENTAL, PR\u00c9-ESCOLA, CRECHE, ENSINO M\u00c9DIO, EJA E QUILOMBOLA), EM ATENDIMENTO \u00c0S NECESSIDADES DA SECRETARIA MUNICIPAL DE EDUCA\u00c7\u00c3O DA PREFEITURA DE OEIRAS DO PAR\u00c1. Modalidade:\u00a0REGISTRO DE PRE\u00c7OS ORIGIN\u00c1RIO DE PREG\u00c3O ELETR\u00d4NICO Tipo: MENOR PRE\u00c7O Regime:\u00a0Regime [&hellip;]<\/p>\n","protected":false},"author":5,"featured_media":0,"comment_status":"closed","ping_status":"open","sticky":false,"template":"","format":"standard","meta":{"_seopress_robots_primary_cat":"","_seopress_titles_title":"","_seopress_titles_desc":"","_seopress_robots_index":"","footnotes":""},"categories":[69],"tags":[],"class_list":["post-4179","post","type-post","status-publish","format-standard","hentry","category-editais"],"_links":{"self":[{"href":"https:\/\/oeirasdopara.pa.gov.br\/novo\/wp-json\/wp\/v2\/posts\/4179","targetHints":{"allow":["GET"]}}],"collection":[{"href":"https:\/\/oeirasdopara.pa.gov.br\/novo\/wp-json\/wp\/v2\/posts"}],"about":[{"href":"https:\/\/oeirasdopara.pa.gov.br\/novo\/wp-json\/wp\/v2\/types\/post"}],"author":[{"embeddable":true,"href":"https:\/\/oeirasdopara.pa.gov.br\/novo\/wp-json\/wp\/v2\/users\/5"}],"replies":[{"embeddable":true,"href":"https:\/\/oeirasdopara.pa.gov.br\/novo\/wp-json\/wp\/v2\/comments?post=4179"}],"version-history":[{"count":5,"href":"https:\/\/oeirasdopara.pa.gov.br\/novo\/wp-json\/wp\/v2\/posts\/4179\/revisions"}],"predecessor-version":[{"id":4327,"href":"https:\/\/oeirasdopara.pa.gov.br\/novo\/wp-json\/wp\/v2\/posts\/4179\/revisions\/4327"}],"wp:attachment":[{"href":"https:\/\/oeirasdopara.pa.gov.br\/novo\/wp-json\/wp\/v2\/media?parent=4179"}],"wp:term":[{"taxonomy":"category","embeddable":true,"href":"https:\/\/oeirasdopara.pa.gov.br\/novo\/wp-json\/wp\/v2\/categories?post=4179"},{"taxonomy":"post_tag","embeddable":true,"href":"https:\/\/oeirasdopara.pa.gov.br\/novo\/wp-json\/wp\/v2\/tags?post=4179"}],"curies":[{"name":"wp","href":"https:\/\/api.w.org\/{rel}","templated":true}]}}