{"id":4161,"date":"2021-03-22T18:50:31","date_gmt":"2021-03-22T18:50:31","guid":{"rendered":"https:\/\/www.oeirasdopara.pa.gov.br\/?p=4161"},"modified":"2021-05-07T15:10:30","modified_gmt":"2021-05-07T15:10:30","slug":"dispensa-de-licitacao-no-7-2021-00002","status":"publish","type":"post","link":"https:\/\/oeirasdopara.pa.gov.br\/novo\/dispensa-de-licitacao-no-7-2021-00002\/","title":{"rendered":"DISPENSA DE LICITA\u00c7\u00c3O N\u00ba 7\/2021-00002"},"content":{"rendered":"<p>OBJETO: LOCA\u00c7\u00c3O DE IM\u00d3VEL, PARA FINS DE MANUTEN\u00c7\u00c3O E FUNCIONAMENTO DO DESTACAMENTO DA POL\u00cdCIA MILITAR NO MUNIC\u00cdPIO DE OEIRAS DO PAR\u00c1.<\/p>\n<ul>\n<li><a href=\"https:\/\/www.oeirasdopara.pa.gov.br\/wp-content\/uploads\/2021\/03\/LAUDO-DE-VISTORIA-E-AVALIACAO-3.pdf\">\u00a0LAUDO DE VISTORIA E AVALIA\u00c7\u00c3O<\/a><\/li>\n<li>\u00a0<a href=\"https:\/\/www.oeirasdopara.pa.gov.br\/wp-content\/uploads\/2021\/03\/SOLICITACAO-PARA-CONTRATACAO-3.pdf\">SOLICITA\u00c7\u00c3O PARA CONTRATA\u00c7\u00c3O<\/a><\/li>\n<li><a href=\"https:\/\/www.oeirasdopara.pa.gov.br\/wp-content\/uploads\/2021\/03\/JUSTIFICATIVA-PARA-CONTRATACAO-3.pdf\">JUSTIFICATIVA PARA CONTRATA\u00c7\u00c3O<\/a><\/li>\n<li><a href=\"https:\/\/www.oeirasdopara.pa.gov.br\/wp-content\/uploads\/2021\/03\/JUSTIFICATIVA-DE-ESCOLHA-DO-CONTRATADO-3.pdf\">JUSTIFICATIVA DE ESCOLHA DO CONTRATADO<\/a><\/li>\n<li><a href=\"https:\/\/www.oeirasdopara.pa.gov.br\/wp-content\/uploads\/2021\/03\/PARECER-CONTROLE-INTERNO-5.pdf\">PARECER CONTROLE INTERNO<\/a><\/li>\n<li>\u00a0<a href=\"https:\/\/www.oeirasdopara.pa.gov.br\/wp-content\/uploads\/2021\/03\/PARECER-JURIDICO-5.pdf\">PARECER JUR\u00cdDICO<\/a><\/li>\n<li><a href=\"https:\/\/www.oeirasdopara.pa.gov.br\/wp-content\/uploads\/2021\/03\/TERMO-DE-RATIFICACAO-5.pdf\">TERMO DE RATIFICA\u00c7\u00c3O<\/a><\/li>\n<li>\u00a0<a href=\"https:\/\/www.oeirasdopara.pa.gov.br\/wp-content\/uploads\/2021\/03\/RAZAO-DA-ESCOLHA-DO-CONTRATADO-3.pdf\">RAZ\u00c3O DA ESCOLHA DO CONTRATADO<\/a><\/li>\n<\/ul>\n","protected":false},"excerpt":{"rendered":"<p>OBJETO: LOCA\u00c7\u00c3O DE IM\u00d3VEL, PARA FINS DE MANUTEN\u00c7\u00c3O E FUNCIONAMENTO DO DESTACAMENTO DA POL\u00cdCIA MILITAR NO MUNIC\u00cdPIO DE OEIRAS DO PAR\u00c1. \u00a0LAUDO DE VISTORIA E AVALIA\u00c7\u00c3O \u00a0SOLICITA\u00c7\u00c3O PARA CONTRATA\u00c7\u00c3O JUSTIFICATIVA PARA CONTRATA\u00c7\u00c3O JUSTIFICATIVA DE ESCOLHA DO CONTRATADO PARECER CONTROLE INTERNO \u00a0PARECER JUR\u00cdDICO TERMO DE RATIFICA\u00c7\u00c3O \u00a0RAZ\u00c3O DA ESCOLHA DO CONTRATADO<\/p>\n","protected":false},"author":5,"featured_media":0,"comment_status":"closed","ping_status":"open","sticky":false,"template":"","format":"standard","meta":{"_seopress_robots_primary_cat":"","_seopress_titles_title":"","_seopress_titles_desc":"","_seopress_robots_index":"","footnotes":""},"categories":[69],"tags":[],"class_list":["post-4161","post","type-post","status-publish","format-standard","hentry","category-editais"],"_links":{"self":[{"href":"https:\/\/oeirasdopara.pa.gov.br\/novo\/wp-json\/wp\/v2\/posts\/4161","targetHints":{"allow":["GET"]}}],"collection":[{"href":"https:\/\/oeirasdopara.pa.gov.br\/novo\/wp-json\/wp\/v2\/posts"}],"about":[{"href":"https:\/\/oeirasdopara.pa.gov.br\/novo\/wp-json\/wp\/v2\/types\/post"}],"author":[{"embeddable":true,"href":"https:\/\/oeirasdopara.pa.gov.br\/novo\/wp-json\/wp\/v2\/users\/5"}],"replies":[{"embeddable":true,"href":"https:\/\/oeirasdopara.pa.gov.br\/novo\/wp-json\/wp\/v2\/comments?post=4161"}],"version-history":[{"count":6,"href":"https:\/\/oeirasdopara.pa.gov.br\/novo\/wp-json\/wp\/v2\/posts\/4161\/revisions"}],"predecessor-version":[{"id":4557,"href":"https:\/\/oeirasdopara.pa.gov.br\/novo\/wp-json\/wp\/v2\/posts\/4161\/revisions\/4557"}],"wp:attachment":[{"href":"https:\/\/oeirasdopara.pa.gov.br\/novo\/wp-json\/wp\/v2\/media?parent=4161"}],"wp:term":[{"taxonomy":"category","embeddable":true,"href":"https:\/\/oeirasdopara.pa.gov.br\/novo\/wp-json\/wp\/v2\/categories?post=4161"},{"taxonomy":"post_tag","embeddable":true,"href":"https:\/\/oeirasdopara.pa.gov.br\/novo\/wp-json\/wp\/v2\/tags?post=4161"}],"curies":[{"name":"wp","href":"https:\/\/api.w.org\/{rel}","templated":true}]}}