{"id":4126,"date":"2021-03-22T18:26:51","date_gmt":"2021-03-22T18:26:51","guid":{"rendered":"https:\/\/www.oeirasdopara.pa.gov.br\/?p=4126"},"modified":"2021-05-07T15:13:50","modified_gmt":"2021-05-07T15:13:50","slug":"dispensa-de-licitacao-no-7-2021-00001","status":"publish","type":"post","link":"https:\/\/oeirasdopara.pa.gov.br\/novo\/dispensa-de-licitacao-no-7-2021-00001\/","title":{"rendered":"DISPENSA DE LICITA\u00c7\u00c3O N\u00ba 7\/2021-00001"},"content":{"rendered":"<p>OBJETO: LOCA\u00c7\u00c3O DE IM\u00d3VEL, PARA FINS DE FUNCIONAMENTO DA SECRETARIA MUNICIPAL DE ASSIST\u00caNCIA SOCIAL, LOCALIZADO NA AV. XV DE NOVEMBRO, N\u00ba 1118, BAIRRO LIBERDADE, OEIRAS DO PAR\u00c1.<\/p>\n<ul>\n<li><a href=\"https:\/\/www.oeirasdopara.pa.gov.br\/wp-content\/uploads\/2021\/03\/LAUDO-DE-VISTORIA-E-AVALIACAO.pdf\">LAUDO DE VISTORIA E AVALIA\u00c7\u00c3O<\/a><\/li>\n<li>\u00a0<a href=\"https:\/\/www.oeirasdopara.pa.gov.br\/wp-content\/uploads\/2021\/03\/SOLICITACAO-PARA-CONTRATACAO.pdf\">SOLICITA\u00c7\u00c3O PARA CONTRATA\u00c7\u00c3O<\/a><\/li>\n<li><a href=\"https:\/\/www.oeirasdopara.pa.gov.br\/wp-content\/uploads\/2021\/03\/JUSTIFICATIVA-PARA-CONTRATACAO.pdf\">JUSTIFICATIVA PARA CONTRATA\u00c7\u00c3O<\/a><\/li>\n<li><a href=\"https:\/\/www.oeirasdopara.pa.gov.br\/wp-content\/uploads\/2021\/03\/JUSTIFICATIVA-DE-ESCOLHA-DO-CONTRATADO.pdf\">JUSTIFICATIVA DE ESCOLHA DO CONTRATADO<\/a><\/li>\n<li><a href=\"https:\/\/www.oeirasdopara.pa.gov.br\/wp-content\/uploads\/2021\/03\/PARECER-CONTROLE-INTERNO-2.pdf\">PARECER CONTROLE INTERNO<\/a><\/li>\n<li>\u00a0<a href=\"https:\/\/www.oeirasdopara.pa.gov.br\/wp-content\/uploads\/2021\/03\/PARECER-JURIDICO-2.pdf\">PARECER JUR\u00cdDICO<\/a><\/li>\n<li><a href=\"https:\/\/www.oeirasdopara.pa.gov.br\/wp-content\/uploads\/2021\/03\/TERMO-DE-RATIFICACAO-2.pdf\">TERMO DE RATIFICA\u00c7\u00c3O<\/a><\/li>\n<li><a href=\"https:\/\/www.oeirasdopara.pa.gov.br\/wp-content\/uploads\/2021\/03\/RAZAO-DA-ESCOLHA-DO-CONTRATADO.pdf\">RAZ\u00c3O DA ESCOLHA DO CONTRATADO<\/a><\/li>\n<\/ul>\n","protected":false},"excerpt":{"rendered":"<p>OBJETO: LOCA\u00c7\u00c3O DE IM\u00d3VEL, PARA FINS DE FUNCIONAMENTO DA SECRETARIA MUNICIPAL DE ASSIST\u00caNCIA SOCIAL, LOCALIZADO NA AV. XV DE NOVEMBRO, N\u00ba 1118, BAIRRO LIBERDADE, OEIRAS DO PAR\u00c1. LAUDO DE VISTORIA E AVALIA\u00c7\u00c3O \u00a0SOLICITA\u00c7\u00c3O PARA CONTRATA\u00c7\u00c3O JUSTIFICATIVA PARA CONTRATA\u00c7\u00c3O JUSTIFICATIVA DE ESCOLHA DO CONTRATADO PARECER CONTROLE INTERNO \u00a0PARECER JUR\u00cdDICO TERMO DE RATIFICA\u00c7\u00c3O RAZ\u00c3O DA ESCOLHA DO [&hellip;]<\/p>\n","protected":false},"author":5,"featured_media":0,"comment_status":"closed","ping_status":"open","sticky":false,"template":"","format":"standard","meta":{"_seopress_robots_primary_cat":"","_seopress_titles_title":"","_seopress_titles_desc":"","_seopress_robots_index":"","footnotes":""},"categories":[69],"tags":[],"class_list":["post-4126","post","type-post","status-publish","format-standard","hentry","category-editais"],"_links":{"self":[{"href":"https:\/\/oeirasdopara.pa.gov.br\/novo\/wp-json\/wp\/v2\/posts\/4126","targetHints":{"allow":["GET"]}}],"collection":[{"href":"https:\/\/oeirasdopara.pa.gov.br\/novo\/wp-json\/wp\/v2\/posts"}],"about":[{"href":"https:\/\/oeirasdopara.pa.gov.br\/novo\/wp-json\/wp\/v2\/types\/post"}],"author":[{"embeddable":true,"href":"https:\/\/oeirasdopara.pa.gov.br\/novo\/wp-json\/wp\/v2\/users\/5"}],"replies":[{"embeddable":true,"href":"https:\/\/oeirasdopara.pa.gov.br\/novo\/wp-json\/wp\/v2\/comments?post=4126"}],"version-history":[{"count":7,"href":"https:\/\/oeirasdopara.pa.gov.br\/novo\/wp-json\/wp\/v2\/posts\/4126\/revisions"}],"predecessor-version":[{"id":4560,"href":"https:\/\/oeirasdopara.pa.gov.br\/novo\/wp-json\/wp\/v2\/posts\/4126\/revisions\/4560"}],"wp:attachment":[{"href":"https:\/\/oeirasdopara.pa.gov.br\/novo\/wp-json\/wp\/v2\/media?parent=4126"}],"wp:term":[{"taxonomy":"category","embeddable":true,"href":"https:\/\/oeirasdopara.pa.gov.br\/novo\/wp-json\/wp\/v2\/categories?post=4126"},{"taxonomy":"post_tag","embeddable":true,"href":"https:\/\/oeirasdopara.pa.gov.br\/novo\/wp-json\/wp\/v2\/tags?post=4126"}],"curies":[{"name":"wp","href":"https:\/\/api.w.org\/{rel}","templated":true}]}}