{"id":3636,"date":"2020-11-05T12:03:01","date_gmt":"2020-11-05T12:03:01","guid":{"rendered":"https:\/\/www.oeirasdopara.pa.gov.br\/?p=3636"},"modified":"2020-11-05T15:13:14","modified_gmt":"2020-11-05T15:13:14","slug":"dispensa-de-licitacao-no-7-2020-00044-cpl","status":"publish","type":"post","link":"https:\/\/oeirasdopara.pa.gov.br\/novo\/dispensa-de-licitacao-no-7-2020-00044-cpl\/","title":{"rendered":"DISPENSA DE LICITA\u00c7\u00c3O N\u00ba 7\/2020-00044-CPL"},"content":{"rendered":"<p><strong>SECRETARIA:<\/strong> DE SA\u00daDE<br \/>\n<strong>MODALIDADE:\u00a0 <\/strong>DISPENSA DE LICITA\u00c7\u00c3O<br \/>\n<strong>PROCESSO LICITAT\u00d3RIO: <\/strong>7\/2020-00044-CPL<\/p>\n<p><strong>OBJETO:<\/strong> CONTRATA\u00c7\u00c3O DE EMPRESA ESPECIALIZADA PARA AQUISI\u00c7\u00c3O DE MATERIAL DE COSTURA, TECIDOS E AVIAMENTOS, VISANDO O CONFORTO DOS PROFISSIONAIS DE SA\u00daDE NO ENFRENTAMENTO DO COVID-19, EM ATENDIMENTO A SECRETARIA MUNICIPAL DE SA\u00daDE DE OEIRAS DO PAR\u00c1.<\/p>\n<p><strong>VALOR:<\/strong> R$ 19.374,00<br \/>\n<strong>EMPRESA: <\/strong>K. C. ALVES COMERCIO-EPP<strong><br \/>\nCNPJ: <\/strong>05.775.617\/0001-19<br \/>\n<strong>CONTRATO: <\/strong>20200643<br \/>\n<strong>VIG\u00caNCIA: <\/strong>30\/10\/2020 \u00c0 31\/12\/2020<br \/>\n<strong>PRAZO DE ENTREGA:\u00a0<\/strong>IMEDIATO<\/p>\n<ul>\n<li><a href=\"https:\/\/www.oeirasdopara.pa.gov.br\/wp-content\/uploads\/2020\/11\/DECRETO-DE-SITUACAO-DE-EMERGENCIA.pdf\">DECRETO DE SITUA\u00c7\u00c3O DE EMERGENCIA<\/a><\/li>\n<li><a href=\"https:\/\/www.oeirasdopara.pa.gov.br\/wp-content\/uploads\/2020\/11\/DESPACHO-DE-AUTORIZACAO.pdf\">DESPACHO DE AUTORIZA\u00c7\u00c3O<\/a><\/li>\n<li><a href=\"https:\/\/www.oeirasdopara.pa.gov.br\/wp-content\/uploads\/2020\/11\/INDICACAO-DO-SITE.pdf\">INDICA\u00c7\u00c3O DO SITE<\/a><\/li>\n<li><a href=\"https:\/\/www.oeirasdopara.pa.gov.br\/wp-content\/uploads\/2020\/11\/JUSTIFICATIVA-PARA-CONTRATACAO.pdf\">JUSTIFICATIVA PARA CONTRATA\u00c7\u00c3O<\/a><\/li>\n<li><a href=\"https:\/\/www.oeirasdopara.pa.gov.br\/wp-content\/uploads\/2020\/11\/JUSTIFICATIVA-PARA-ESCOLHA.pdf\">JUSTIFICATIVA PARA ESCOLHA<\/a><\/li>\n<li><a href=\"https:\/\/www.oeirasdopara.pa.gov.br\/wp-content\/uploads\/2020\/11\/MAPA-COMPARATIVO.pdf\">MAPA COMPARATIVO<\/a><\/li>\n<li><a href=\"https:\/\/www.oeirasdopara.pa.gov.br\/wp-content\/uploads\/2020\/11\/MINUTA-DO-CONTRATO.pdf\">MINUTA DO CONTRATO<\/a><\/li>\n<li><a href=\"https:\/\/www.oeirasdopara.pa.gov.br\/wp-content\/uploads\/2020\/11\/PARECER-JURIDICO.pdf\">PARECER JUR\u00cdDICO<\/a><\/li>\n<li><a href=\"https:\/\/www.oeirasdopara.pa.gov.br\/wp-content\/uploads\/2020\/11\/SOLICITACAO-PARA-CONTRATACAO.pdf\">SOLICITA\u00c7\u00c3O PARA CONTRATA\u00c7\u00c3O<\/a><\/li>\n<li><a href=\"https:\/\/www.oeirasdopara.pa.gov.br\/wp-content\/uploads\/2020\/11\/TERMO-DE-RATIFICACAO.pdf\">TERMO DE RATIFICA\u00c7\u00c3O<\/a><\/li>\n<li><a href=\"https:\/\/www.oeirasdopara.pa.gov.br\/wp-content\/uploads\/2020\/11\/TERMO-DE-REFERENCIA.pdf\">TERMO DE REFER\u00caNCIA<\/a><\/li>\n<\/ul>\n","protected":false},"excerpt":{"rendered":"<p>SECRETARIA: DE SA\u00daDE MODALIDADE:\u00a0 DISPENSA DE LICITA\u00c7\u00c3O PROCESSO LICITAT\u00d3RIO: 7\/2020-00044-CPL OBJETO: CONTRATA\u00c7\u00c3O DE EMPRESA ESPECIALIZADA PARA AQUISI\u00c7\u00c3O DE MATERIAL DE COSTURA, TECIDOS E AVIAMENTOS, VISANDO O CONFORTO DOS PROFISSIONAIS DE SA\u00daDE NO ENFRENTAMENTO DO COVID-19, EM ATENDIMENTO A SECRETARIA MUNICIPAL DE SA\u00daDE DE OEIRAS DO PAR\u00c1. VALOR: R$ 19.374,00 EMPRESA: K. C. ALVES COMERCIO-EPP CNPJ: [&hellip;]<\/p>\n","protected":false},"author":8,"featured_media":0,"comment_status":"closed","ping_status":"open","sticky":false,"template":"","format":"standard","meta":{"_seopress_robots_primary_cat":"","_seopress_titles_title":"","_seopress_titles_desc":"","_seopress_robots_index":"","footnotes":""},"categories":[88,69],"tags":[],"class_list":["post-3636","post","type-post","status-publish","format-standard","hentry","category-covid-19-editais","category-editais"],"_links":{"self":[{"href":"https:\/\/oeirasdopara.pa.gov.br\/novo\/wp-json\/wp\/v2\/posts\/3636","targetHints":{"allow":["GET"]}}],"collection":[{"href":"https:\/\/oeirasdopara.pa.gov.br\/novo\/wp-json\/wp\/v2\/posts"}],"about":[{"href":"https:\/\/oeirasdopara.pa.gov.br\/novo\/wp-json\/wp\/v2\/types\/post"}],"author":[{"embeddable":true,"href":"https:\/\/oeirasdopara.pa.gov.br\/novo\/wp-json\/wp\/v2\/users\/8"}],"replies":[{"embeddable":true,"href":"https:\/\/oeirasdopara.pa.gov.br\/novo\/wp-json\/wp\/v2\/comments?post=3636"}],"version-history":[{"count":6,"href":"https:\/\/oeirasdopara.pa.gov.br\/novo\/wp-json\/wp\/v2\/posts\/3636\/revisions"}],"predecessor-version":[{"id":3673,"href":"https:\/\/oeirasdopara.pa.gov.br\/novo\/wp-json\/wp\/v2\/posts\/3636\/revisions\/3673"}],"wp:attachment":[{"href":"https:\/\/oeirasdopara.pa.gov.br\/novo\/wp-json\/wp\/v2\/media?parent=3636"}],"wp:term":[{"taxonomy":"category","embeddable":true,"href":"https:\/\/oeirasdopara.pa.gov.br\/novo\/wp-json\/wp\/v2\/categories?post=3636"},{"taxonomy":"post_tag","embeddable":true,"href":"https:\/\/oeirasdopara.pa.gov.br\/novo\/wp-json\/wp\/v2\/tags?post=3636"}],"curies":[{"name":"wp","href":"https:\/\/api.w.org\/{rel}","templated":true}]}}