{"id":3610,"date":"2020-10-27T13:21:58","date_gmt":"2020-10-27T13:21:58","guid":{"rendered":"https:\/\/www.oeirasdopara.pa.gov.br\/?p=3610"},"modified":"2020-10-29T12:23:12","modified_gmt":"2020-10-29T12:23:12","slug":"dispensa-de-licitacao-no-7-2020-00047-cpl","status":"publish","type":"post","link":"https:\/\/oeirasdopara.pa.gov.br\/novo\/dispensa-de-licitacao-no-7-2020-00047-cpl\/","title":{"rendered":"DISPENSA DE LICITA\u00c7\u00c3O N\u00ba 7\/2020-00047-CPL"},"content":{"rendered":"<p><strong>SECRETARIA:<\/strong> DE SA\u00daDE<br \/>\n<strong>MODALIDADE:\u00a0 <\/strong>DISPENSA DE LICITA\u00c7\u00c3O<br \/>\n<strong>PROCESSO LICITAT\u00d3RIO: <\/strong>7\/2020-00047-CPL<\/p>\n<p>OBJETO: CONTRATA\u00c7\u00c3O DE EMPRESA ESPECIALIZADA PARA AQUISI\u00c7\u00c3O EM MATERIAL DE LABORAT\u00d3RIO HOSPITALAR, EM ATENDIMENTO \u00c0 SECRETARIA MUNICIPAL DE SA\u00daDE DE OEIRAS DO PAR\u00c1.<\/p>\n<p><strong>VALOR: <\/strong>R$ 238.007,00<br \/>\n<strong>EMPRESA: <\/strong>M. DE FREITAS GODINHA<strong><br \/>\nCNPJ: <\/strong>18.010.556\/0001-24<br \/>\n<strong>CONTRATO: <\/strong>20200627<br \/>\n<strong>VIG\u00caNCIA: <\/strong>19\/10\/2020 \u00c0 31\/12\/2020<br \/>\n<strong>PRAZO DE ENTREGA:\u00a0<\/strong>IMEDIATO<\/p>\n<ul>\n<li><a href=\"https:\/\/www.oeirasdopara.pa.gov.br\/wp-content\/uploads\/2020\/10\/DECRETO-DE-SITUACAO-DE-EMERGENCIA-1.pdf\">DECRETO DE SITUA\u00c7\u00c3O DE EMERGENCIA (1)<\/a><\/li>\n<li><a href=\"https:\/\/www.oeirasdopara.pa.gov.br\/wp-content\/uploads\/2020\/10\/DESPACHO-DE-AUTORIZACAO-1.pdf\">DESPACHO DE AUTORIZA\u00c7\u00c3O (1)<\/a><\/li>\n<li><a href=\"https:\/\/www.oeirasdopara.pa.gov.br\/wp-content\/uploads\/2020\/10\/INDICACAO-DO-SITE-1-1.pdf\">INDICA\u00c7\u00c3O DO SITE (1)<\/a><\/li>\n<li><a href=\"https:\/\/www.oeirasdopara.pa.gov.br\/wp-content\/uploads\/2020\/10\/JUSTIFICATIVA-PARA-CONTRATACAO-3.pdf\">JUSTIFICATIVA PARA CONTRATA\u00c7\u00c3O (3)<\/a><\/li>\n<li><a href=\"https:\/\/www.oeirasdopara.pa.gov.br\/wp-content\/uploads\/2020\/10\/JUSTIFICATIVA-PARA-ESCOLHA-1.pdf\">JUSTIFICATIVA PARA ESCOLHA (1)<\/a><\/li>\n<li><a href=\"https:\/\/www.oeirasdopara.pa.gov.br\/wp-content\/uploads\/2020\/10\/MAPA-COMPARATIVO-1.pdf\">MAPA COMPARATIVO (1)<\/a><\/li>\n<li><a href=\"https:\/\/www.oeirasdopara.pa.gov.br\/wp-content\/uploads\/2020\/10\/MINUTA-DO-CONTRATO-2.pdf\">MINUTA DO CONTRATO (2)<\/a><\/li>\n<li><a href=\"https:\/\/www.oeirasdopara.pa.gov.br\/wp-content\/uploads\/2020\/10\/PARECER-JURIDICO-2.pdf\">PARECER JUR\u00cdDICO (2)<\/a><\/li>\n<li><a href=\"https:\/\/www.oeirasdopara.pa.gov.br\/wp-content\/uploads\/2020\/10\/SOLICITACAO-PARA-CONTRATACAO-3.pdf\">SOLICITA\u00c7\u00c3O PARA CONTRATA\u00c7\u00c3O (3)<\/a><\/li>\n<li><a href=\"https:\/\/www.oeirasdopara.pa.gov.br\/wp-content\/uploads\/2020\/10\/TERMO-DE-RATIFICACAO-1-1.pdf\">TERMO DE RATIFICA\u00c7\u00c3O (1)<\/a><\/li>\n<li><a href=\"https:\/\/www.oeirasdopara.pa.gov.br\/wp-content\/uploads\/2020\/10\/TERMO-DE-REFERENCIA-3.pdf\">TERMO DE REFER\u00caNCIA (3)<\/a><\/li>\n<\/ul>\n","protected":false},"excerpt":{"rendered":"<p>SECRETARIA: DE SA\u00daDE MODALIDADE:\u00a0 DISPENSA DE LICITA\u00c7\u00c3O PROCESSO LICITAT\u00d3RIO: 7\/2020-00047-CPL OBJETO: CONTRATA\u00c7\u00c3O DE EMPRESA ESPECIALIZADA PARA AQUISI\u00c7\u00c3O EM MATERIAL DE LABORAT\u00d3RIO HOSPITALAR, EM ATENDIMENTO \u00c0 SECRETARIA MUNICIPAL DE SA\u00daDE DE OEIRAS DO PAR\u00c1. VALOR: R$ 238.007,00 EMPRESA: M. DE FREITAS GODINHA CNPJ: 18.010.556\/0001-24 CONTRATO: 20200627 VIG\u00caNCIA: 19\/10\/2020 \u00c0 31\/12\/2020 PRAZO DE ENTREGA:\u00a0IMEDIATO DECRETO DE SITUA\u00c7\u00c3O [&hellip;]<\/p>\n","protected":false},"author":8,"featured_media":0,"comment_status":"closed","ping_status":"closed","sticky":false,"template":"","format":"standard","meta":{"_seopress_robots_primary_cat":"","_seopress_titles_title":"","_seopress_titles_desc":"","_seopress_robots_index":"","footnotes":""},"categories":[88,69],"tags":[],"class_list":["post-3610","post","type-post","status-publish","format-standard","hentry","category-covid-19-editais","category-editais"],"_links":{"self":[{"href":"https:\/\/oeirasdopara.pa.gov.br\/novo\/wp-json\/wp\/v2\/posts\/3610","targetHints":{"allow":["GET"]}}],"collection":[{"href":"https:\/\/oeirasdopara.pa.gov.br\/novo\/wp-json\/wp\/v2\/posts"}],"about":[{"href":"https:\/\/oeirasdopara.pa.gov.br\/novo\/wp-json\/wp\/v2\/types\/post"}],"author":[{"embeddable":true,"href":"https:\/\/oeirasdopara.pa.gov.br\/novo\/wp-json\/wp\/v2\/users\/8"}],"replies":[{"embeddable":true,"href":"https:\/\/oeirasdopara.pa.gov.br\/novo\/wp-json\/wp\/v2\/comments?post=3610"}],"version-history":[{"count":4,"href":"https:\/\/oeirasdopara.pa.gov.br\/novo\/wp-json\/wp\/v2\/posts\/3610\/revisions"}],"predecessor-version":[{"id":3631,"href":"https:\/\/oeirasdopara.pa.gov.br\/novo\/wp-json\/wp\/v2\/posts\/3610\/revisions\/3631"}],"wp:attachment":[{"href":"https:\/\/oeirasdopara.pa.gov.br\/novo\/wp-json\/wp\/v2\/media?parent=3610"}],"wp:term":[{"taxonomy":"category","embeddable":true,"href":"https:\/\/oeirasdopara.pa.gov.br\/novo\/wp-json\/wp\/v2\/categories?post=3610"},{"taxonomy":"post_tag","embeddable":true,"href":"https:\/\/oeirasdopara.pa.gov.br\/novo\/wp-json\/wp\/v2\/tags?post=3610"}],"curies":[{"name":"wp","href":"https:\/\/api.w.org\/{rel}","templated":true}]}}