{"id":3558,"date":"2020-10-07T15:04:11","date_gmt":"2020-10-07T15:04:11","guid":{"rendered":"https:\/\/www.oeirasdopara.pa.gov.br\/?p=3558"},"modified":"2020-10-29T12:32:09","modified_gmt":"2020-10-29T12:32:09","slug":"dispensa-d-elicitacao-no-7-2020-00046","status":"publish","type":"post","link":"https:\/\/oeirasdopara.pa.gov.br\/novo\/dispensa-d-elicitacao-no-7-2020-00046\/","title":{"rendered":"DISPENSA D ELICITA\u00c7\u00c3O N\u00ba 7\/2020-00046"},"content":{"rendered":"<p><strong>SECRETARIA: <\/strong>DE SA\u00daDE<br \/>\n<strong>MODALIDADE: <\/strong>DISPENSA DE LICITA\u00c7\u00c3O<br \/>\n<strong>PROCESSO LICITAT\u00d3RIO:\u00a0<\/strong>N\u00ba 7\/2020-00046<\/p>\n<p><strong>OBJETO:\u00a0<\/strong>CONTRATA\u00c7\u00c3O DE EMPRESA FORNECEDORA DE MATERIAL DE INSUMO, MATERIAL T\u00c9CNICO HOSPITALAR E MATERIAL DE RAIO-X, QUE DEVIDO A PANDEMIA COVID-19, FAZ-SE NECESS\u00c1RIO A AQUISI\u00c7\u00c3O PARA ATENDER O HHP E POSTOS DE SA\u00daDE, EM ATENDIMENTO \u00c0S NECESSIDADES DA SECRETARIA MUNICIPAL DE SA\u00daDE\u00a0 DE OEIRAS DO PAR\u00c1.<\/p>\n<p><strong>VALOR: <\/strong>R$ 76.113,50<br \/>\n<strong>EMPRESA: <\/strong>PPF COM E SERV EIRELI ME<strong><br \/>\nCNPJ: <\/strong>07.606.575\/0001-00<br \/>\n<strong>CONTRATO: <\/strong>20200622<br \/>\n<strong>VIG\u00caNCIA: <\/strong>02\/10\/2020 \u00e0 31\/12\/2020<br \/>\n<strong>PRAZO DE ENTREGA:\u00a0<\/strong>IMEDIATO<\/p>\n<ul>\n<li><a href=\"https:\/\/www.oeirasdopara.pa.gov.br\/wp-content\/uploads\/2020\/10\/TERMO-DE-REFERENCIA-1.pdf\">TERMO DE REFER\u00caNCIA (1)<\/a><\/li>\n<li><a href=\"https:\/\/www.oeirasdopara.pa.gov.br\/wp-content\/uploads\/2020\/10\/SOLICITACAO-PARA-CONTRATACAO.pdf\">SOLICITA\u00c7\u00c3O PARA CONTRATA\u00c7\u00c3O<\/a><\/li>\n<li><a href=\"https:\/\/www.oeirasdopara.pa.gov.br\/wp-content\/uploads\/2020\/10\/TERMO-DE-RATIFICACAO.pdf\">TERMO DE RATIFICA\u00c7\u00c3O<\/a><\/li>\n<li><a href=\"https:\/\/www.oeirasdopara.pa.gov.br\/wp-content\/uploads\/2020\/10\/MINUTA-DO-CONTRATO.pdf\">MINUTA DO CONTRATO<\/a><\/li>\n<li><a href=\"https:\/\/www.oeirasdopara.pa.gov.br\/wp-content\/uploads\/2020\/10\/PARECER-JURIDICO.pdf\">PARECER JURIDICO<\/a><\/li>\n<li><a href=\"https:\/\/www.oeirasdopara.pa.gov.br\/wp-content\/uploads\/2020\/10\/JUSTIFICATIVA-DA-ESCOLHA.pdf\">JUSTIFICATIVA DA ESCOLHA<\/a><\/li>\n<li><a href=\"https:\/\/www.oeirasdopara.pa.gov.br\/wp-content\/uploads\/2020\/10\/JUSTIFICATIVA-PARA-CONTRATACAO.pdf\">JUSTIFICATIVA PARA CONTRATA\u00c7\u00c3O<\/a><\/li>\n<li><a href=\"https:\/\/www.oeirasdopara.pa.gov.br\/wp-content\/uploads\/2020\/10\/INDICACAO-DO-SITE.pdf\">INDICA\u00c7\u00c3O DO SITE<\/a><\/li>\n<li><a href=\"https:\/\/www.oeirasdopara.pa.gov.br\/wp-content\/uploads\/2020\/10\/DECRETO-DE-EMERGENCIA.pdf\">DECRETO DE EMERG\u00caNCIA<\/a><\/li>\n<li><a href=\"https:\/\/www.oeirasdopara.pa.gov.br\/wp-content\/uploads\/2020\/10\/ESTIMATIVA-DE-PRECO.pdf\">ESTIMATIVA DE PRE\u00c7O<\/a><\/li>\n<li><a href=\"https:\/\/www.oeirasdopara.pa.gov.br\/wp-content\/uploads\/2020\/10\/AUTORIZACAO-DO-PROCESSO.pdf\">AUTORIZA\u00c7\u00c3O DO PROCESSO<\/a><\/li>\n<\/ul>\n","protected":false},"excerpt":{"rendered":"<p>SECRETARIA: DE SA\u00daDE MODALIDADE: DISPENSA DE LICITA\u00c7\u00c3O PROCESSO LICITAT\u00d3RIO:\u00a0N\u00ba 7\/2020-00046 OBJETO:\u00a0CONTRATA\u00c7\u00c3O DE EMPRESA FORNECEDORA DE MATERIAL DE INSUMO, MATERIAL T\u00c9CNICO HOSPITALAR E MATERIAL DE RAIO-X, QUE DEVIDO A PANDEMIA COVID-19, FAZ-SE NECESS\u00c1RIO A AQUISI\u00c7\u00c3O PARA ATENDER O HHP E POSTOS DE SA\u00daDE, EM ATENDIMENTO \u00c0S NECESSIDADES DA SECRETARIA MUNICIPAL DE SA\u00daDE\u00a0 DE OEIRAS DO PAR\u00c1. [&hellip;]<\/p>\n","protected":false},"author":8,"featured_media":0,"comment_status":"closed","ping_status":"open","sticky":false,"template":"","format":"standard","meta":{"_seopress_robots_primary_cat":"","_seopress_titles_title":"","_seopress_titles_desc":"","_seopress_robots_index":"","footnotes":""},"categories":[88,69],"tags":[],"class_list":["post-3558","post","type-post","status-publish","format-standard","hentry","category-covid-19-editais","category-editais"],"_links":{"self":[{"href":"https:\/\/oeirasdopara.pa.gov.br\/novo\/wp-json\/wp\/v2\/posts\/3558","targetHints":{"allow":["GET"]}}],"collection":[{"href":"https:\/\/oeirasdopara.pa.gov.br\/novo\/wp-json\/wp\/v2\/posts"}],"about":[{"href":"https:\/\/oeirasdopara.pa.gov.br\/novo\/wp-json\/wp\/v2\/types\/post"}],"author":[{"embeddable":true,"href":"https:\/\/oeirasdopara.pa.gov.br\/novo\/wp-json\/wp\/v2\/users\/8"}],"replies":[{"embeddable":true,"href":"https:\/\/oeirasdopara.pa.gov.br\/novo\/wp-json\/wp\/v2\/comments?post=3558"}],"version-history":[{"count":9,"href":"https:\/\/oeirasdopara.pa.gov.br\/novo\/wp-json\/wp\/v2\/posts\/3558\/revisions"}],"predecessor-version":[{"id":3633,"href":"https:\/\/oeirasdopara.pa.gov.br\/novo\/wp-json\/wp\/v2\/posts\/3558\/revisions\/3633"}],"wp:attachment":[{"href":"https:\/\/oeirasdopara.pa.gov.br\/novo\/wp-json\/wp\/v2\/media?parent=3558"}],"wp:term":[{"taxonomy":"category","embeddable":true,"href":"https:\/\/oeirasdopara.pa.gov.br\/novo\/wp-json\/wp\/v2\/categories?post=3558"},{"taxonomy":"post_tag","embeddable":true,"href":"https:\/\/oeirasdopara.pa.gov.br\/novo\/wp-json\/wp\/v2\/tags?post=3558"}],"curies":[{"name":"wp","href":"https:\/\/api.w.org\/{rel}","templated":true}]}}