{"id":3530,"date":"2020-09-23T12:15:47","date_gmt":"2020-09-23T12:15:47","guid":{"rendered":"https:\/\/www.oeirasdopara.pa.gov.br\/?p=3530"},"modified":"2020-09-23T12:21:09","modified_gmt":"2020-09-23T12:21:09","slug":"pregao-presensia-por-srp-no-9-2020-00017-cpl-pmop","status":"publish","type":"post","link":"https:\/\/oeirasdopara.pa.gov.br\/novo\/pregao-presensia-por-srp-no-9-2020-00017-cpl-pmop\/","title":{"rendered":"PREG\u00c3O PRESENCIAL POR SRP N\u00ba 9\/2020-00017-CPL\/PMOP"},"content":{"rendered":"<p><strong>OBJETO:\u00a0<\/strong>CPNTRATA\u00c7\u00c3O DE EMPRESA ESPECIALIZADA PARA APRESENTA\u00c7\u00c3O DOS SERVI\u00c7OS DE LOCA\u00c7\u00c3O DE VE\u00cdCULOS LEVES E PESADOS, M\u00c1QUINAS PESADAS, CAMINH\u00d5ES E EQUI\u00c1MENTOS PARA EXECU\u00c7\u00c3O E MANUTEN\u00c7\u00c3O DE VIAS PUBLICAS URBANAS E RURAIS, EM ATENDIMENTO \u00c0 DEMANDA DA PREFEITURA MUNICIPAL, ATRAV\u00c9S DAS SECRETARIAS E FUNDOS MUNICIPAIS VINCULADOS.<\/p>\n<ul>\n<li><a href=\"https:\/\/www.oeirasdopara.pa.gov.br\/wp-content\/uploads\/2020\/09\/EDITAL-No-24_2020-CPL_PMOP.pdf\">EDITAL N\u00ba 24_2020 &#8211; CPL_PMOP<\/a><\/li>\n<li><a href=\"https:\/\/www.oeirasdopara.pa.gov.br\/wp-content\/uploads\/2020\/09\/JUSTIFICATIVA-1.pdf\">JUSTIFICATIVA<\/a><\/li>\n<li><a href=\"https:\/\/www.oeirasdopara.pa.gov.br\/wp-content\/uploads\/2020\/09\/MINUTA-DO-CONTRATO-1-2.pdf\">MINUTA DO CONTRATO (1)<\/a><\/li>\n<li><a href=\"https:\/\/www.oeirasdopara.pa.gov.br\/wp-content\/uploads\/2020\/09\/ORCAMENTO-ESTIMADO-1-1.pdf\">OR\u00c7AMENTO ESTIMADO (1)<\/a><\/li>\n<li><a href=\"https:\/\/www.oeirasdopara.pa.gov.br\/wp-content\/uploads\/2020\/09\/PARECER-JURIDICO-1-2.pdf\">PARECER JURIDICO (1)<\/a><\/li>\n<li><a href=\"https:\/\/www.oeirasdopara.pa.gov.br\/wp-content\/uploads\/2020\/09\/PESQUISA-DE-PRECO-1.pdf\">PESQUISA DE PRE\u00c7O<\/a><\/li>\n<li><a href=\"https:\/\/www.oeirasdopara.pa.gov.br\/wp-content\/uploads\/2020\/09\/TERMO-DE-REFERENCIA-2-2.pdf\">TERMO DE REFER\u00caNCIA (2)<\/a><\/li>\n<\/ul>\n","protected":false},"excerpt":{"rendered":"<p>OBJETO:\u00a0CPNTRATA\u00c7\u00c3O DE EMPRESA ESPECIALIZADA PARA APRESENTA\u00c7\u00c3O DOS SERVI\u00c7OS DE LOCA\u00c7\u00c3O DE VE\u00cdCULOS LEVES E PESADOS, M\u00c1QUINAS PESADAS, CAMINH\u00d5ES E EQUI\u00c1MENTOS PARA EXECU\u00c7\u00c3O E MANUTEN\u00c7\u00c3O DE VIAS PUBLICAS URBANAS E RURAIS, EM ATENDIMENTO \u00c0 DEMANDA DA PREFEITURA MUNICIPAL, ATRAV\u00c9S DAS SECRETARIAS E FUNDOS MUNICIPAIS VINCULADOS. EDITAL N\u00ba 24_2020 &#8211; CPL_PMOP JUSTIFICATIVA MINUTA DO CONTRATO (1) OR\u00c7AMENTO [&hellip;]<\/p>\n","protected":false},"author":8,"featured_media":0,"comment_status":"closed","ping_status":"open","sticky":false,"template":"","format":"standard","meta":{"_seopress_robots_primary_cat":"","_seopress_titles_title":"","_seopress_titles_desc":"","_seopress_robots_index":"","footnotes":""},"categories":[69],"tags":[],"class_list":["post-3530","post","type-post","status-publish","format-standard","hentry","category-editais"],"_links":{"self":[{"href":"https:\/\/oeirasdopara.pa.gov.br\/novo\/wp-json\/wp\/v2\/posts\/3530","targetHints":{"allow":["GET"]}}],"collection":[{"href":"https:\/\/oeirasdopara.pa.gov.br\/novo\/wp-json\/wp\/v2\/posts"}],"about":[{"href":"https:\/\/oeirasdopara.pa.gov.br\/novo\/wp-json\/wp\/v2\/types\/post"}],"author":[{"embeddable":true,"href":"https:\/\/oeirasdopara.pa.gov.br\/novo\/wp-json\/wp\/v2\/users\/8"}],"replies":[{"embeddable":true,"href":"https:\/\/oeirasdopara.pa.gov.br\/novo\/wp-json\/wp\/v2\/comments?post=3530"}],"version-history":[{"count":2,"href":"https:\/\/oeirasdopara.pa.gov.br\/novo\/wp-json\/wp\/v2\/posts\/3530\/revisions"}],"predecessor-version":[{"id":3539,"href":"https:\/\/oeirasdopara.pa.gov.br\/novo\/wp-json\/wp\/v2\/posts\/3530\/revisions\/3539"}],"wp:attachment":[{"href":"https:\/\/oeirasdopara.pa.gov.br\/novo\/wp-json\/wp\/v2\/media?parent=3530"}],"wp:term":[{"taxonomy":"category","embeddable":true,"href":"https:\/\/oeirasdopara.pa.gov.br\/novo\/wp-json\/wp\/v2\/categories?post=3530"},{"taxonomy":"post_tag","embeddable":true,"href":"https:\/\/oeirasdopara.pa.gov.br\/novo\/wp-json\/wp\/v2\/tags?post=3530"}],"curies":[{"name":"wp","href":"https:\/\/api.w.org\/{rel}","templated":true}]}}